{"id":45267,"date":"2024-06-21T07:47:52","date_gmt":"2024-06-21T04:47:52","guid":{"rendered":"https:\/\/u-intosai.org\/unkategorisiert\/voa-albanii-provel-vstrechu-s-ekspertom-nacionalnogo-demokraticheskogo-instituta\/"},"modified":"2024-11-08T16:06:32","modified_gmt":"2024-11-08T13:06:32","slug":"die-orkb-albaniens-traf-sich-mit-einem-experten-des-nationalen-demokratischen-instituts","status":"publish","type":"post","link":"https:\/\/u-intosai.org\/de\/nachrichten\/die-orkb-albaniens-traf-sich-mit-einem-experten-des-nationalen-demokratischen-instituts\/","title":{"rendered":"Die ORKB Albaniens traf sich mit einem Experten des Nationalen Demokratischen Instituts"},"content":{"rendered":"<p>Der Vorsitzende der ORKB Albaniens, Arben Shehu, <a href=\"https:\/\/www.klsh.org.al\/content_text\/6022\">traf sich<\/a> mit dem Experten des Nationalen Demokratischen Instituts f\u00fcr internationale Angelegenheiten der USA, Juhan Parts, der zuvor als Premierminister, Finanzminister und Rechnungspr\u00fcfer Estlands t\u00e4tig war.<\/p>\n<p>Das Ziel des Treffens war es, an einem gemeinsamen Projekt zur Einrichtung eines \u00f6ffentlichen Rechnungspr\u00fcfungsausschusses zu arbeiten, um die Effizienz der ORKB Albaniens zu verbessern.<\/p>\n","protected":false},"excerpt":{"rendered":"<p>Der Vorsitzende der ORKB Albaniens, Arben Shehu, traf sich mit dem Experten des Nationalen Demokratischen Instituts f\u00fcr internationale Angelegenheiten der USA, Juhan Parts, der zuvor als Premierminister, Finanzminister und Rechnungspr\u00fcfer Estlands t\u00e4tig war. Das Ziel des Treffens war es, an einem gemeinsamen Projekt zur Einrichtung eines \u00f6ffentlichen Rechnungspr\u00fcfungsausschusses zu arbeiten, um die Effizienz der ORKB [&hellip;]<\/p>\n","protected":false},"author":206,"featured_media":43293,"comment_status":"closed","ping_status":"closed","sticky":false,"template":"","format":"standard","meta":{"_acf_changed":false,"pmpro_default_level":"","footnotes":""},"categories":[288],"tags":[859,1066,827,1562],"class_list":["post-45267","post","type-post","status-publish","format-standard","has-post-thumbnail","hentry","category-nachrichten","tag-kapazitaetsaufbau","tag-apertura-de","tag-partnerschaft","tag-sai-albania-de","pmpro-has-access"],"acf":[],"yoast_head":"<!-- This site is optimized with the Yoast SEO plugin v27.4 - https:\/\/yoast.com\/product\/yoast-seo-wordpress\/ -->\n<title>Die ORKB Albaniens traf sich mit einem Experten des Nationalen Demokratischen Instituts | U-INTOSAI<\/title>\n<meta name=\"description\" content=\"Die ORKB Albaniens traf sich mit einem Experten des Nationalen Demokratischen Instituts\" \/>\n<meta name=\"robots\" content=\"index, follow, max-snippet:-1, max-image-preview:large, max-video-preview:-1\" \/>\n<link rel=\"canonical\" href=\"https:\/\/u-intosai.org\/de\/nachrichten\/die-orkb-albaniens-traf-sich-mit-einem-experten-des-nationalen-demokratischen-instituts\/\" \/>\n<meta property=\"og:locale\" content=\"de_DE\" \/>\n<meta property=\"og:type\" content=\"article\" \/>\n<meta property=\"og:title\" content=\"Die ORKB Albaniens traf sich mit einem Experten des Nationalen Demokratischen Instituts | U-INTOSAI\" \/>\n<meta property=\"og:description\" content=\"Die ORKB Albaniens traf sich mit einem Experten des Nationalen Demokratischen Instituts\" \/>\n<meta property=\"og:url\" content=\"https:\/\/u-intosai.org\/de\/nachrichten\/die-orkb-albaniens-traf-sich-mit-einem-experten-des-nationalen-demokratischen-instituts\/\" \/>\n<meta property=\"og:site_name\" content=\"U-INTOSAI\" \/>\n<meta property=\"article:published_time\" content=\"2024-06-21T04:47:52+00:00\" \/>\n<meta property=\"article:modified_time\" content=\"2024-11-08T13:06:32+00:00\" \/>\n<meta property=\"og:image\" content=\"https:\/\/u-intosai.org\/wp-content\/uploads\/2024\/06\/122121212-1.jpg\" \/>\n\t<meta property=\"og:image:width\" content=\"160\" \/>\n\t<meta property=\"og:image:height\" content=\"132\" \/>\n\t<meta property=\"og:image:type\" content=\"image\/jpeg\" \/>\n<meta name=\"author\" content=\"SAI Russia\" \/>\n<meta name=\"twitter:card\" content=\"summary_large_image\" \/>\n<meta name=\"twitter:creator\" content=\"@Incosai2019\" \/>\n<meta name=\"twitter:site\" content=\"@Incosai2019\" \/>\n<meta name=\"twitter:label1\" content=\"Verfasst von\" \/>\n\t<meta name=\"twitter:data1\" content=\"SAI Russia\" \/>\n<script type=\"application\/ld+json\" class=\"yoast-schema-graph\">{\"@context\":\"https:\\\/\\\/schema.org\",\"@graph\":[{\"@type\":\"Article\",\"@id\":\"https:\\\/\\\/u-intosai.org\\\/de\\\/nachrichten\\\/die-orkb-albaniens-traf-sich-mit-einem-experten-des-nationalen-demokratischen-instituts\\\/#article\",\"isPartOf\":{\"@id\":\"https:\\\/\\\/u-intosai.org\\\/de\\\/nachrichten\\\/die-orkb-albaniens-traf-sich-mit-einem-experten-des-nationalen-demokratischen-instituts\\\/\"},\"author\":{\"name\":\"SAI Russia\",\"@id\":\"https:\\\/\\\/u-intosai.org\\\/de\\\/#\\\/schema\\\/person\\\/5b8e90b43056f89f1f723dff8ecf21c6\"},\"headline\":\"Die ORKB Albaniens traf sich mit einem Experten des Nationalen Demokratischen Instituts\",\"datePublished\":\"2024-06-21T04:47:52+00:00\",\"dateModified\":\"2024-11-08T13:06:32+00:00\",\"mainEntityOfPage\":{\"@id\":\"https:\\\/\\\/u-intosai.org\\\/de\\\/nachrichten\\\/die-orkb-albaniens-traf-sich-mit-einem-experten-des-nationalen-demokratischen-instituts\\\/\"},\"wordCount\":74,\"publisher\":{\"@id\":\"https:\\\/\\\/u-intosai.org\\\/de\\\/#organization\"},\"image\":{\"@id\":\"https:\\\/\\\/u-intosai.org\\\/de\\\/nachrichten\\\/die-orkb-albaniens-traf-sich-mit-einem-experten-des-nationalen-demokratischen-instituts\\\/#primaryimage\"},\"thumbnailUrl\":\"https:\\\/\\\/u-intosai.org\\\/wp-content\\\/uploads\\\/2024\\\/06\\\/122121212-1.jpg\",\"keywords\":[\"Kapazit\u00e4tsaufbau\",\"Offenheit\",\"Partnerschaft\",\"SAI Albania\"],\"articleSection\":[\"Nachrichten\"],\"inLanguage\":\"de\"},{\"@type\":\"WebPage\",\"@id\":\"https:\\\/\\\/u-intosai.org\\\/de\\\/nachrichten\\\/die-orkb-albaniens-traf-sich-mit-einem-experten-des-nationalen-demokratischen-instituts\\\/\",\"url\":\"https:\\\/\\\/u-intosai.org\\\/de\\\/nachrichten\\\/die-orkb-albaniens-traf-sich-mit-einem-experten-des-nationalen-demokratischen-instituts\\\/\",\"name\":\"Die ORKB Albaniens traf sich mit einem Experten des Nationalen Demokratischen Instituts | U-INTOSAI\",\"isPartOf\":{\"@id\":\"https:\\\/\\\/u-intosai.org\\\/de\\\/#website\"},\"primaryImageOfPage\":{\"@id\":\"https:\\\/\\\/u-intosai.org\\\/de\\\/nachrichten\\\/die-orkb-albaniens-traf-sich-mit-einem-experten-des-nationalen-demokratischen-instituts\\\/#primaryimage\"},\"image\":{\"@id\":\"https:\\\/\\\/u-intosai.org\\\/de\\\/nachrichten\\\/die-orkb-albaniens-traf-sich-mit-einem-experten-des-nationalen-demokratischen-instituts\\\/#primaryimage\"},\"thumbnailUrl\":\"https:\\\/\\\/u-intosai.org\\\/wp-content\\\/uploads\\\/2024\\\/06\\\/122121212-1.jpg\",\"datePublished\":\"2024-06-21T04:47:52+00:00\",\"dateModified\":\"2024-11-08T13:06:32+00:00\",\"description\":\"Die ORKB Albaniens traf sich mit einem Experten des Nationalen Demokratischen Instituts\",\"breadcrumb\":{\"@id\":\"https:\\\/\\\/u-intosai.org\\\/de\\\/nachrichten\\\/die-orkb-albaniens-traf-sich-mit-einem-experten-des-nationalen-demokratischen-instituts\\\/#breadcrumb\"},\"inLanguage\":\"de\",\"potentialAction\":[{\"@type\":\"ReadAction\",\"target\":[\"https:\\\/\\\/u-intosai.org\\\/de\\\/nachrichten\\\/die-orkb-albaniens-traf-sich-mit-einem-experten-des-nationalen-demokratischen-instituts\\\/\"]}]},{\"@type\":\"ImageObject\",\"inLanguage\":\"de\",\"@id\":\"https:\\\/\\\/u-intosai.org\\\/de\\\/nachrichten\\\/die-orkb-albaniens-traf-sich-mit-einem-experten-des-nationalen-demokratischen-instituts\\\/#primaryimage\",\"url\":\"https:\\\/\\\/u-intosai.org\\\/wp-content\\\/uploads\\\/2024\\\/06\\\/122121212-1.jpg\",\"contentUrl\":\"https:\\\/\\\/u-intosai.org\\\/wp-content\\\/uploads\\\/2024\\\/06\\\/122121212-1.jpg\",\"width\":160,\"height\":132},{\"@type\":\"BreadcrumbList\",\"@id\":\"https:\\\/\\\/u-intosai.org\\\/de\\\/nachrichten\\\/die-orkb-albaniens-traf-sich-mit-einem-experten-des-nationalen-demokratischen-instituts\\\/#breadcrumb\",\"itemListElement\":[{\"@type\":\"ListItem\",\"position\":1,\"name\":\"U-INTOSAI\",\"item\":\"https:\\\/\\\/u-intosai.org\\\/de\\\/\"},{\"@type\":\"ListItem\",\"position\":2,\"name\":\"Die ORKB Albaniens traf sich mit einem Experten des Nationalen Demokratischen Instituts\"}]},{\"@type\":\"WebSite\",\"@id\":\"https:\\\/\\\/u-intosai.org\\\/de\\\/#website\",\"url\":\"https:\\\/\\\/u-intosai.org\\\/de\\\/\",\"name\":\"U-INTOSAI\",\"description\":\"U-INTOSAI is an open online educational platform for all INTOSAI members created as a unique space for exchanging experience and advanced knowledge.\",\"publisher\":{\"@id\":\"https:\\\/\\\/u-intosai.org\\\/de\\\/#organization\"},\"potentialAction\":[{\"@type\":\"SearchAction\",\"target\":{\"@type\":\"EntryPoint\",\"urlTemplate\":\"https:\\\/\\\/u-intosai.org\\\/de\\\/?s={search_term_string}\"},\"query-input\":{\"@type\":\"PropertyValueSpecification\",\"valueRequired\":true,\"valueName\":\"search_term_string\"}}],\"inLanguage\":\"de\"},{\"@type\":\"Organization\",\"@id\":\"https:\\\/\\\/u-intosai.org\\\/de\\\/#organization\",\"name\":\"U-INTOSAI \u2014 University of INTOSAI\",\"url\":\"https:\\\/\\\/u-intosai.org\\\/de\\\/\",\"logo\":{\"@type\":\"ImageObject\",\"inLanguage\":\"de\",\"@id\":\"https:\\\/\\\/u-intosai.org\\\/de\\\/#\\\/schema\\\/logo\\\/image\\\/\",\"url\":\"https:\\\/\\\/u-intosai.org\\\/wp-content\\\/uploads\\\/2021\\\/08\\\/miniu-intosai-logo.png\",\"contentUrl\":\"https:\\\/\\\/u-intosai.org\\\/wp-content\\\/uploads\\\/2021\\\/08\\\/miniu-intosai-logo.png\",\"width\":1000,\"height\":479,\"caption\":\"U-INTOSAI \u2014 University of INTOSAI\"},\"image\":{\"@id\":\"https:\\\/\\\/u-intosai.org\\\/de\\\/#\\\/schema\\\/logo\\\/image\\\/\"},\"sameAs\":[\"https:\\\/\\\/x.com\\\/Incosai2019\",\"https:\\\/\\\/www.youtube.com\\\/channel\\\/UCjD--8sXtgxoPrxRQ_rz5GQ\"]},{\"@type\":\"Person\",\"@id\":\"https:\\\/\\\/u-intosai.org\\\/de\\\/#\\\/schema\\\/person\\\/5b8e90b43056f89f1f723dff8ecf21c6\",\"name\":\"SAI Russia\",\"image\":{\"@type\":\"ImageObject\",\"inLanguage\":\"de\",\"@id\":\"https:\\\/\\\/secure.gravatar.com\\\/avatar\\\/843130143c21cda7d6624367554857f4f5b0e6ceed5ceb57003a27cc363521bc?s=96&d=mm&r=g\",\"url\":\"https:\\\/\\\/secure.gravatar.com\\\/avatar\\\/843130143c21cda7d6624367554857f4f5b0e6ceed5ceb57003a27cc363521bc?s=96&d=mm&r=g\",\"contentUrl\":\"https:\\\/\\\/secure.gravatar.com\\\/avatar\\\/843130143c21cda7d6624367554857f4f5b0e6ceed5ceb57003a27cc363521bc?s=96&d=mm&r=g\",\"caption\":\"SAI Russia\"},\"url\":\"https:\\\/\\\/u-intosai.org\\\/de\\\/author\\\/anniet\\\/\"}]}<\/script>\n<!-- \/ Yoast SEO plugin. -->","yoast_head_json":{"title":"Die ORKB Albaniens traf sich mit einem Experten des Nationalen Demokratischen Instituts | U-INTOSAI","description":"Die ORKB Albaniens traf sich mit einem Experten des Nationalen Demokratischen Instituts","robots":{"index":"index","follow":"follow","max-snippet":"max-snippet:-1","max-image-preview":"max-image-preview:large","max-video-preview":"max-video-preview:-1"},"canonical":"https:\/\/u-intosai.org\/de\/nachrichten\/die-orkb-albaniens-traf-sich-mit-einem-experten-des-nationalen-demokratischen-instituts\/","og_locale":"de_DE","og_type":"article","og_title":"Die ORKB Albaniens traf sich mit einem Experten des Nationalen Demokratischen Instituts | U-INTOSAI","og_description":"Die ORKB Albaniens traf sich mit einem Experten des Nationalen Demokratischen Instituts","og_url":"https:\/\/u-intosai.org\/de\/nachrichten\/die-orkb-albaniens-traf-sich-mit-einem-experten-des-nationalen-demokratischen-instituts\/","og_site_name":"U-INTOSAI","article_published_time":"2024-06-21T04:47:52+00:00","article_modified_time":"2024-11-08T13:06:32+00:00","og_image":[{"width":160,"height":132,"url":"https:\/\/u-intosai.org\/wp-content\/uploads\/2024\/06\/122121212-1.jpg","type":"image\/jpeg"}],"author":"SAI Russia","twitter_card":"summary_large_image","twitter_creator":"@Incosai2019","twitter_site":"@Incosai2019","twitter_misc":{"Verfasst von":"SAI Russia"},"schema":{"@context":"https:\/\/schema.org","@graph":[{"@type":"Article","@id":"https:\/\/u-intosai.org\/de\/nachrichten\/die-orkb-albaniens-traf-sich-mit-einem-experten-des-nationalen-demokratischen-instituts\/#article","isPartOf":{"@id":"https:\/\/u-intosai.org\/de\/nachrichten\/die-orkb-albaniens-traf-sich-mit-einem-experten-des-nationalen-demokratischen-instituts\/"},"author":{"name":"SAI Russia","@id":"https:\/\/u-intosai.org\/de\/#\/schema\/person\/5b8e90b43056f89f1f723dff8ecf21c6"},"headline":"Die ORKB Albaniens traf sich mit einem Experten des Nationalen Demokratischen Instituts","datePublished":"2024-06-21T04:47:52+00:00","dateModified":"2024-11-08T13:06:32+00:00","mainEntityOfPage":{"@id":"https:\/\/u-intosai.org\/de\/nachrichten\/die-orkb-albaniens-traf-sich-mit-einem-experten-des-nationalen-demokratischen-instituts\/"},"wordCount":74,"publisher":{"@id":"https:\/\/u-intosai.org\/de\/#organization"},"image":{"@id":"https:\/\/u-intosai.org\/de\/nachrichten\/die-orkb-albaniens-traf-sich-mit-einem-experten-des-nationalen-demokratischen-instituts\/#primaryimage"},"thumbnailUrl":"https:\/\/u-intosai.org\/wp-content\/uploads\/2024\/06\/122121212-1.jpg","keywords":["Kapazit\u00e4tsaufbau","Offenheit","Partnerschaft","SAI Albania"],"articleSection":["Nachrichten"],"inLanguage":"de"},{"@type":"WebPage","@id":"https:\/\/u-intosai.org\/de\/nachrichten\/die-orkb-albaniens-traf-sich-mit-einem-experten-des-nationalen-demokratischen-instituts\/","url":"https:\/\/u-intosai.org\/de\/nachrichten\/die-orkb-albaniens-traf-sich-mit-einem-experten-des-nationalen-demokratischen-instituts\/","name":"Die ORKB Albaniens traf sich mit einem Experten des Nationalen Demokratischen Instituts | U-INTOSAI","isPartOf":{"@id":"https:\/\/u-intosai.org\/de\/#website"},"primaryImageOfPage":{"@id":"https:\/\/u-intosai.org\/de\/nachrichten\/die-orkb-albaniens-traf-sich-mit-einem-experten-des-nationalen-demokratischen-instituts\/#primaryimage"},"image":{"@id":"https:\/\/u-intosai.org\/de\/nachrichten\/die-orkb-albaniens-traf-sich-mit-einem-experten-des-nationalen-demokratischen-instituts\/#primaryimage"},"thumbnailUrl":"https:\/\/u-intosai.org\/wp-content\/uploads\/2024\/06\/122121212-1.jpg","datePublished":"2024-06-21T04:47:52+00:00","dateModified":"2024-11-08T13:06:32+00:00","description":"Die ORKB Albaniens traf sich mit einem Experten des Nationalen Demokratischen Instituts","breadcrumb":{"@id":"https:\/\/u-intosai.org\/de\/nachrichten\/die-orkb-albaniens-traf-sich-mit-einem-experten-des-nationalen-demokratischen-instituts\/#breadcrumb"},"inLanguage":"de","potentialAction":[{"@type":"ReadAction","target":["https:\/\/u-intosai.org\/de\/nachrichten\/die-orkb-albaniens-traf-sich-mit-einem-experten-des-nationalen-demokratischen-instituts\/"]}]},{"@type":"ImageObject","inLanguage":"de","@id":"https:\/\/u-intosai.org\/de\/nachrichten\/die-orkb-albaniens-traf-sich-mit-einem-experten-des-nationalen-demokratischen-instituts\/#primaryimage","url":"https:\/\/u-intosai.org\/wp-content\/uploads\/2024\/06\/122121212-1.jpg","contentUrl":"https:\/\/u-intosai.org\/wp-content\/uploads\/2024\/06\/122121212-1.jpg","width":160,"height":132},{"@type":"BreadcrumbList","@id":"https:\/\/u-intosai.org\/de\/nachrichten\/die-orkb-albaniens-traf-sich-mit-einem-experten-des-nationalen-demokratischen-instituts\/#breadcrumb","itemListElement":[{"@type":"ListItem","position":1,"name":"U-INTOSAI","item":"https:\/\/u-intosai.org\/de\/"},{"@type":"ListItem","position":2,"name":"Die ORKB Albaniens traf sich mit einem Experten des Nationalen Demokratischen Instituts"}]},{"@type":"WebSite","@id":"https:\/\/u-intosai.org\/de\/#website","url":"https:\/\/u-intosai.org\/de\/","name":"U-INTOSAI","description":"U-INTOSAI is an open online educational platform for all INTOSAI members created as a unique space for exchanging experience and advanced knowledge.","publisher":{"@id":"https:\/\/u-intosai.org\/de\/#organization"},"potentialAction":[{"@type":"SearchAction","target":{"@type":"EntryPoint","urlTemplate":"https:\/\/u-intosai.org\/de\/?s={search_term_string}"},"query-input":{"@type":"PropertyValueSpecification","valueRequired":true,"valueName":"search_term_string"}}],"inLanguage":"de"},{"@type":"Organization","@id":"https:\/\/u-intosai.org\/de\/#organization","name":"U-INTOSAI \u2014 University of INTOSAI","url":"https:\/\/u-intosai.org\/de\/","logo":{"@type":"ImageObject","inLanguage":"de","@id":"https:\/\/u-intosai.org\/de\/#\/schema\/logo\/image\/","url":"https:\/\/u-intosai.org\/wp-content\/uploads\/2021\/08\/miniu-intosai-logo.png","contentUrl":"https:\/\/u-intosai.org\/wp-content\/uploads\/2021\/08\/miniu-intosai-logo.png","width":1000,"height":479,"caption":"U-INTOSAI \u2014 University of INTOSAI"},"image":{"@id":"https:\/\/u-intosai.org\/de\/#\/schema\/logo\/image\/"},"sameAs":["https:\/\/x.com\/Incosai2019","https:\/\/www.youtube.com\/channel\/UCjD--8sXtgxoPrxRQ_rz5GQ"]},{"@type":"Person","@id":"https:\/\/u-intosai.org\/de\/#\/schema\/person\/5b8e90b43056f89f1f723dff8ecf21c6","name":"SAI Russia","image":{"@type":"ImageObject","inLanguage":"de","@id":"https:\/\/secure.gravatar.com\/avatar\/843130143c21cda7d6624367554857f4f5b0e6ceed5ceb57003a27cc363521bc?s=96&d=mm&r=g","url":"https:\/\/secure.gravatar.com\/avatar\/843130143c21cda7d6624367554857f4f5b0e6ceed5ceb57003a27cc363521bc?s=96&d=mm&r=g","contentUrl":"https:\/\/secure.gravatar.com\/avatar\/843130143c21cda7d6624367554857f4f5b0e6ceed5ceb57003a27cc363521bc?s=96&d=mm&r=g","caption":"SAI Russia"},"url":"https:\/\/u-intosai.org\/de\/author\/anniet\/"}]}},"_links":{"self":[{"href":"https:\/\/u-intosai.org\/de\/wp-json\/wp\/v2\/posts\/45267","targetHints":{"allow":["GET"]}}],"collection":[{"href":"https:\/\/u-intosai.org\/de\/wp-json\/wp\/v2\/posts"}],"about":[{"href":"https:\/\/u-intosai.org\/de\/wp-json\/wp\/v2\/types\/post"}],"author":[{"embeddable":true,"href":"https:\/\/u-intosai.org\/de\/wp-json\/wp\/v2\/users\/206"}],"replies":[{"embeddable":true,"href":"https:\/\/u-intosai.org\/de\/wp-json\/wp\/v2\/comments?post=45267"}],"version-history":[{"count":2,"href":"https:\/\/u-intosai.org\/de\/wp-json\/wp\/v2\/posts\/45267\/revisions"}],"predecessor-version":[{"id":45554,"href":"https:\/\/u-intosai.org\/de\/wp-json\/wp\/v2\/posts\/45267\/revisions\/45554"}],"wp:featuredmedia":[{"embeddable":true,"href":"https:\/\/u-intosai.org\/de\/wp-json\/wp\/v2\/media\/43293"}],"wp:attachment":[{"href":"https:\/\/u-intosai.org\/de\/wp-json\/wp\/v2\/media?parent=45267"}],"wp:term":[{"taxonomy":"category","embeddable":true,"href":"https:\/\/u-intosai.org\/de\/wp-json\/wp\/v2\/categories?post=45267"},{"taxonomy":"post_tag","embeddable":true,"href":"https:\/\/u-intosai.org\/de\/wp-json\/wp\/v2\/tags?post=45267"}],"curies":[{"name":"wp","href":"https:\/\/api.w.org\/{rel}","templated":true}]}}