{"id":41558,"date":"2023-10-23T17:34:38","date_gmt":"2023-10-23T14:34:38","guid":{"rendered":"https:\/\/u-intosai.org\/sin-categorizar\/dvustoronnyaya-vstrecha-voa-slovenii-i-chernogorii\/"},"modified":"2023-12-27T12:28:14","modified_gmt":"2023-12-27T09:28:14","slug":"reunion-bilateral-de-la-efs-de-eslovenia-y-la-efs-de-montenegro","status":"publish","type":"post","link":"https:\/\/u-intosai.org\/es\/noticias\/reunion-bilateral-de-la-efs-de-eslovenia-y-la-efs-de-montenegro\/","title":{"rendered":"Reuni\u00f3n bilateral de la EFS de Eslovenia y la EFS de Montenegro"},"content":{"rendered":"<p>La delegaci\u00f3n de la EFS de Montenegro <a href=\"https:\/\/dri.co.me\/aktuelnost\/bilateralna-posjeta-racunskom-sudu-republike-slovenije\">realiz\u00f3<\/a> una visita bilateral a la EFS de Eslovenia en Liubliana.<\/p>\n<p>Durante la visita, los representantes de la EFS de Montenegro tuvieron la oportunidad de intercambiar experiencias con sus colegas de la EFS de Eslovenia sobre la auditor\u00eda de los estados financieros anuales de entidades pol\u00edticas, la auditor\u00eda de los gobiernos locales, as\u00ed como el m\u00e9todo de preparar el Informe Anual y comunicar los hallazgos de la auditor\u00eda al p\u00fablico.<\/p>\n","protected":false},"excerpt":{"rendered":"<p>La delegaci\u00f3n de la EFS de Montenegro realiz\u00f3 una visita bilateral a la EFS de Eslovenia en Liubliana. Durante la visita, los representantes de la EFS de Montenegro tuvieron la oportunidad de intercambiar experiencias con sus colegas de la EFS de Eslovenia sobre la auditor\u00eda de los estados financieros anuales de entidades pol\u00edticas, la auditor\u00eda [&hellip;]<\/p>\n","protected":false},"author":206,"featured_media":37698,"comment_status":"open","ping_status":"open","sticky":false,"template":"","format":"standard","meta":{"_acf_changed":false,"pmpro_default_level":"","footnotes":""},"categories":[272],"tags":[629,1679,1678],"class_list":["post-41558","post","type-post","status-publish","format-standard","has-post-thumbnail","hentry","category-noticias","tag-colaboracion","tag-efs-eslovenia","tag-efs-montenegro","pmpro-has-access"],"acf":[],"yoast_head":"<!-- This site is optimized with the Yoast SEO plugin v27.4 - https:\/\/yoast.com\/product\/yoast-seo-wordpress\/ -->\n<title>Reuni\u00f3n bilateral de la EFS de Eslovenia y la EFS de Montenegro | U-INTOSAI<\/title>\n<meta name=\"description\" content=\"Reuni\u00f3n bilateral de la EFS de Eslovenia y la EFS de Montenegro\" \/>\n<meta name=\"robots\" content=\"index, follow, max-snippet:-1, max-image-preview:large, max-video-preview:-1\" \/>\n<link rel=\"canonical\" href=\"https:\/\/u-intosai.org\/es\/noticias\/reunion-bilateral-de-la-efs-de-eslovenia-y-la-efs-de-montenegro\/\" \/>\n<meta property=\"og:locale\" content=\"es_ES\" \/>\n<meta property=\"og:type\" content=\"article\" \/>\n<meta property=\"og:title\" content=\"Reuni\u00f3n bilateral de la EFS de Eslovenia y la EFS de Montenegro | U-INTOSAI\" \/>\n<meta property=\"og:description\" content=\"Reuni\u00f3n bilateral de la EFS de Eslovenia y la EFS de Montenegro\" \/>\n<meta property=\"og:url\" content=\"https:\/\/u-intosai.org\/es\/noticias\/reunion-bilateral-de-la-efs-de-eslovenia-y-la-efs-de-montenegro\/\" \/>\n<meta property=\"og:site_name\" content=\"U-INTOSAI\" \/>\n<meta property=\"article:published_time\" content=\"2023-10-23T14:34:38+00:00\" \/>\n<meta property=\"article:modified_time\" content=\"2023-12-27T09:28:14+00:00\" \/>\n<meta property=\"og:image\" content=\"https:\/\/u-intosai.org\/wp-content\/uploads\/2023\/12\/dsfzcd.jpg\" \/>\n\t<meta property=\"og:image:width\" content=\"741\" \/>\n\t<meta property=\"og:image:height\" content=\"542\" \/>\n\t<meta property=\"og:image:type\" content=\"image\/jpeg\" \/>\n<meta name=\"author\" content=\"SAI Russia\" \/>\n<meta name=\"twitter:card\" content=\"summary_large_image\" \/>\n<meta name=\"twitter:creator\" content=\"@Incosai2019\" \/>\n<meta name=\"twitter:site\" content=\"@Incosai2019\" \/>\n<meta name=\"twitter:label1\" content=\"Escrito por\" \/>\n\t<meta name=\"twitter:data1\" content=\"SAI Russia\" \/>\n<script type=\"application\/ld+json\" class=\"yoast-schema-graph\">{\"@context\":\"https:\\\/\\\/schema.org\",\"@graph\":[{\"@type\":\"Article\",\"@id\":\"https:\\\/\\\/u-intosai.org\\\/es\\\/noticias\\\/reunion-bilateral-de-la-efs-de-eslovenia-y-la-efs-de-montenegro\\\/#article\",\"isPartOf\":{\"@id\":\"https:\\\/\\\/u-intosai.org\\\/es\\\/noticias\\\/reunion-bilateral-de-la-efs-de-eslovenia-y-la-efs-de-montenegro\\\/\"},\"author\":{\"name\":\"SAI Russia\",\"@id\":\"https:\\\/\\\/u-intosai.org\\\/es\\\/#\\\/schema\\\/person\\\/5b8e90b43056f89f1f723dff8ecf21c6\"},\"headline\":\"Reuni\u00f3n bilateral de la EFS de Eslovenia y la EFS de Montenegro\",\"datePublished\":\"2023-10-23T14:34:38+00:00\",\"dateModified\":\"2023-12-27T09:28:14+00:00\",\"mainEntityOfPage\":{\"@id\":\"https:\\\/\\\/u-intosai.org\\\/es\\\/noticias\\\/reunion-bilateral-de-la-efs-de-eslovenia-y-la-efs-de-montenegro\\\/\"},\"wordCount\":97,\"commentCount\":0,\"publisher\":{\"@id\":\"https:\\\/\\\/u-intosai.org\\\/es\\\/#organization\"},\"image\":{\"@id\":\"https:\\\/\\\/u-intosai.org\\\/es\\\/noticias\\\/reunion-bilateral-de-la-efs-de-eslovenia-y-la-efs-de-montenegro\\\/#primaryimage\"},\"thumbnailUrl\":\"https:\\\/\\\/u-intosai.org\\\/wp-content\\\/uploads\\\/2023\\\/12\\\/dsfzcd.jpg\",\"keywords\":[\"Colaboraci\u00f3n\",\"EFS Eslovenia\",\"EFS Montenegro\"],\"articleSection\":[\"Noticias\"],\"inLanguage\":\"es\"},{\"@type\":\"WebPage\",\"@id\":\"https:\\\/\\\/u-intosai.org\\\/es\\\/noticias\\\/reunion-bilateral-de-la-efs-de-eslovenia-y-la-efs-de-montenegro\\\/\",\"url\":\"https:\\\/\\\/u-intosai.org\\\/es\\\/noticias\\\/reunion-bilateral-de-la-efs-de-eslovenia-y-la-efs-de-montenegro\\\/\",\"name\":\"Reuni\u00f3n bilateral de la EFS de Eslovenia y la EFS de Montenegro | U-INTOSAI\",\"isPartOf\":{\"@id\":\"https:\\\/\\\/u-intosai.org\\\/es\\\/#website\"},\"primaryImageOfPage\":{\"@id\":\"https:\\\/\\\/u-intosai.org\\\/es\\\/noticias\\\/reunion-bilateral-de-la-efs-de-eslovenia-y-la-efs-de-montenegro\\\/#primaryimage\"},\"image\":{\"@id\":\"https:\\\/\\\/u-intosai.org\\\/es\\\/noticias\\\/reunion-bilateral-de-la-efs-de-eslovenia-y-la-efs-de-montenegro\\\/#primaryimage\"},\"thumbnailUrl\":\"https:\\\/\\\/u-intosai.org\\\/wp-content\\\/uploads\\\/2023\\\/12\\\/dsfzcd.jpg\",\"datePublished\":\"2023-10-23T14:34:38+00:00\",\"dateModified\":\"2023-12-27T09:28:14+00:00\",\"description\":\"Reuni\u00f3n bilateral de la EFS de Eslovenia y la EFS de Montenegro\",\"breadcrumb\":{\"@id\":\"https:\\\/\\\/u-intosai.org\\\/es\\\/noticias\\\/reunion-bilateral-de-la-efs-de-eslovenia-y-la-efs-de-montenegro\\\/#breadcrumb\"},\"inLanguage\":\"es\",\"potentialAction\":[{\"@type\":\"ReadAction\",\"target\":[\"https:\\\/\\\/u-intosai.org\\\/es\\\/noticias\\\/reunion-bilateral-de-la-efs-de-eslovenia-y-la-efs-de-montenegro\\\/\"]}]},{\"@type\":\"ImageObject\",\"inLanguage\":\"es\",\"@id\":\"https:\\\/\\\/u-intosai.org\\\/es\\\/noticias\\\/reunion-bilateral-de-la-efs-de-eslovenia-y-la-efs-de-montenegro\\\/#primaryimage\",\"url\":\"https:\\\/\\\/u-intosai.org\\\/wp-content\\\/uploads\\\/2023\\\/12\\\/dsfzcd.jpg\",\"contentUrl\":\"https:\\\/\\\/u-intosai.org\\\/wp-content\\\/uploads\\\/2023\\\/12\\\/dsfzcd.jpg\",\"width\":741,\"height\":542},{\"@type\":\"BreadcrumbList\",\"@id\":\"https:\\\/\\\/u-intosai.org\\\/es\\\/noticias\\\/reunion-bilateral-de-la-efs-de-eslovenia-y-la-efs-de-montenegro\\\/#breadcrumb\",\"itemListElement\":[{\"@type\":\"ListItem\",\"position\":1,\"name\":\"U-INTOSAI\",\"item\":\"https:\\\/\\\/u-intosai.org\\\/es\\\/\"},{\"@type\":\"ListItem\",\"position\":2,\"name\":\"Reuni\u00f3n bilateral de la EFS de Eslovenia y la EFS de Montenegro\"}]},{\"@type\":\"WebSite\",\"@id\":\"https:\\\/\\\/u-intosai.org\\\/es\\\/#website\",\"url\":\"https:\\\/\\\/u-intosai.org\\\/es\\\/\",\"name\":\"U-INTOSAI\",\"description\":\"U-INTOSAI is an open online educational platform for all INTOSAI members created as a unique space for exchanging experience and advanced knowledge.\",\"publisher\":{\"@id\":\"https:\\\/\\\/u-intosai.org\\\/es\\\/#organization\"},\"potentialAction\":[{\"@type\":\"SearchAction\",\"target\":{\"@type\":\"EntryPoint\",\"urlTemplate\":\"https:\\\/\\\/u-intosai.org\\\/es\\\/?s={search_term_string}\"},\"query-input\":{\"@type\":\"PropertyValueSpecification\",\"valueRequired\":true,\"valueName\":\"search_term_string\"}}],\"inLanguage\":\"es\"},{\"@type\":\"Organization\",\"@id\":\"https:\\\/\\\/u-intosai.org\\\/es\\\/#organization\",\"name\":\"U-INTOSAI \u2014 University of INTOSAI\",\"url\":\"https:\\\/\\\/u-intosai.org\\\/es\\\/\",\"logo\":{\"@type\":\"ImageObject\",\"inLanguage\":\"es\",\"@id\":\"https:\\\/\\\/u-intosai.org\\\/es\\\/#\\\/schema\\\/logo\\\/image\\\/\",\"url\":\"https:\\\/\\\/u-intosai.org\\\/wp-content\\\/uploads\\\/2021\\\/08\\\/miniu-intosai-logo.png\",\"contentUrl\":\"https:\\\/\\\/u-intosai.org\\\/wp-content\\\/uploads\\\/2021\\\/08\\\/miniu-intosai-logo.png\",\"width\":1000,\"height\":479,\"caption\":\"U-INTOSAI \u2014 University of INTOSAI\"},\"image\":{\"@id\":\"https:\\\/\\\/u-intosai.org\\\/es\\\/#\\\/schema\\\/logo\\\/image\\\/\"},\"sameAs\":[\"https:\\\/\\\/x.com\\\/Incosai2019\",\"https:\\\/\\\/www.youtube.com\\\/channel\\\/UCjD--8sXtgxoPrxRQ_rz5GQ\"]},{\"@type\":\"Person\",\"@id\":\"https:\\\/\\\/u-intosai.org\\\/es\\\/#\\\/schema\\\/person\\\/5b8e90b43056f89f1f723dff8ecf21c6\",\"name\":\"SAI Russia\",\"image\":{\"@type\":\"ImageObject\",\"inLanguage\":\"es\",\"@id\":\"https:\\\/\\\/secure.gravatar.com\\\/avatar\\\/843130143c21cda7d6624367554857f4f5b0e6ceed5ceb57003a27cc363521bc?s=96&d=mm&r=g\",\"url\":\"https:\\\/\\\/secure.gravatar.com\\\/avatar\\\/843130143c21cda7d6624367554857f4f5b0e6ceed5ceb57003a27cc363521bc?s=96&d=mm&r=g\",\"contentUrl\":\"https:\\\/\\\/secure.gravatar.com\\\/avatar\\\/843130143c21cda7d6624367554857f4f5b0e6ceed5ceb57003a27cc363521bc?s=96&d=mm&r=g\",\"caption\":\"SAI Russia\"},\"url\":\"https:\\\/\\\/u-intosai.org\\\/es\\\/author\\\/anniet\\\/\"}]}<\/script>\n<!-- \/ Yoast SEO plugin. -->","yoast_head_json":{"title":"Reuni\u00f3n bilateral de la EFS de Eslovenia y la EFS de Montenegro | U-INTOSAI","description":"Reuni\u00f3n bilateral de la EFS de Eslovenia y la EFS de Montenegro","robots":{"index":"index","follow":"follow","max-snippet":"max-snippet:-1","max-image-preview":"max-image-preview:large","max-video-preview":"max-video-preview:-1"},"canonical":"https:\/\/u-intosai.org\/es\/noticias\/reunion-bilateral-de-la-efs-de-eslovenia-y-la-efs-de-montenegro\/","og_locale":"es_ES","og_type":"article","og_title":"Reuni\u00f3n bilateral de la EFS de Eslovenia y la EFS de Montenegro | U-INTOSAI","og_description":"Reuni\u00f3n bilateral de la EFS de Eslovenia y la EFS de Montenegro","og_url":"https:\/\/u-intosai.org\/es\/noticias\/reunion-bilateral-de-la-efs-de-eslovenia-y-la-efs-de-montenegro\/","og_site_name":"U-INTOSAI","article_published_time":"2023-10-23T14:34:38+00:00","article_modified_time":"2023-12-27T09:28:14+00:00","og_image":[{"width":741,"height":542,"url":"https:\/\/u-intosai.org\/wp-content\/uploads\/2023\/12\/dsfzcd.jpg","type":"image\/jpeg"}],"author":"SAI Russia","twitter_card":"summary_large_image","twitter_creator":"@Incosai2019","twitter_site":"@Incosai2019","twitter_misc":{"Escrito por":"SAI Russia"},"schema":{"@context":"https:\/\/schema.org","@graph":[{"@type":"Article","@id":"https:\/\/u-intosai.org\/es\/noticias\/reunion-bilateral-de-la-efs-de-eslovenia-y-la-efs-de-montenegro\/#article","isPartOf":{"@id":"https:\/\/u-intosai.org\/es\/noticias\/reunion-bilateral-de-la-efs-de-eslovenia-y-la-efs-de-montenegro\/"},"author":{"name":"SAI Russia","@id":"https:\/\/u-intosai.org\/es\/#\/schema\/person\/5b8e90b43056f89f1f723dff8ecf21c6"},"headline":"Reuni\u00f3n bilateral de la EFS de Eslovenia y la EFS de Montenegro","datePublished":"2023-10-23T14:34:38+00:00","dateModified":"2023-12-27T09:28:14+00:00","mainEntityOfPage":{"@id":"https:\/\/u-intosai.org\/es\/noticias\/reunion-bilateral-de-la-efs-de-eslovenia-y-la-efs-de-montenegro\/"},"wordCount":97,"commentCount":0,"publisher":{"@id":"https:\/\/u-intosai.org\/es\/#organization"},"image":{"@id":"https:\/\/u-intosai.org\/es\/noticias\/reunion-bilateral-de-la-efs-de-eslovenia-y-la-efs-de-montenegro\/#primaryimage"},"thumbnailUrl":"https:\/\/u-intosai.org\/wp-content\/uploads\/2023\/12\/dsfzcd.jpg","keywords":["Colaboraci\u00f3n","EFS Eslovenia","EFS Montenegro"],"articleSection":["Noticias"],"inLanguage":"es"},{"@type":"WebPage","@id":"https:\/\/u-intosai.org\/es\/noticias\/reunion-bilateral-de-la-efs-de-eslovenia-y-la-efs-de-montenegro\/","url":"https:\/\/u-intosai.org\/es\/noticias\/reunion-bilateral-de-la-efs-de-eslovenia-y-la-efs-de-montenegro\/","name":"Reuni\u00f3n bilateral de la EFS de Eslovenia y la EFS de Montenegro | U-INTOSAI","isPartOf":{"@id":"https:\/\/u-intosai.org\/es\/#website"},"primaryImageOfPage":{"@id":"https:\/\/u-intosai.org\/es\/noticias\/reunion-bilateral-de-la-efs-de-eslovenia-y-la-efs-de-montenegro\/#primaryimage"},"image":{"@id":"https:\/\/u-intosai.org\/es\/noticias\/reunion-bilateral-de-la-efs-de-eslovenia-y-la-efs-de-montenegro\/#primaryimage"},"thumbnailUrl":"https:\/\/u-intosai.org\/wp-content\/uploads\/2023\/12\/dsfzcd.jpg","datePublished":"2023-10-23T14:34:38+00:00","dateModified":"2023-12-27T09:28:14+00:00","description":"Reuni\u00f3n bilateral de la EFS de Eslovenia y la EFS de Montenegro","breadcrumb":{"@id":"https:\/\/u-intosai.org\/es\/noticias\/reunion-bilateral-de-la-efs-de-eslovenia-y-la-efs-de-montenegro\/#breadcrumb"},"inLanguage":"es","potentialAction":[{"@type":"ReadAction","target":["https:\/\/u-intosai.org\/es\/noticias\/reunion-bilateral-de-la-efs-de-eslovenia-y-la-efs-de-montenegro\/"]}]},{"@type":"ImageObject","inLanguage":"es","@id":"https:\/\/u-intosai.org\/es\/noticias\/reunion-bilateral-de-la-efs-de-eslovenia-y-la-efs-de-montenegro\/#primaryimage","url":"https:\/\/u-intosai.org\/wp-content\/uploads\/2023\/12\/dsfzcd.jpg","contentUrl":"https:\/\/u-intosai.org\/wp-content\/uploads\/2023\/12\/dsfzcd.jpg","width":741,"height":542},{"@type":"BreadcrumbList","@id":"https:\/\/u-intosai.org\/es\/noticias\/reunion-bilateral-de-la-efs-de-eslovenia-y-la-efs-de-montenegro\/#breadcrumb","itemListElement":[{"@type":"ListItem","position":1,"name":"U-INTOSAI","item":"https:\/\/u-intosai.org\/es\/"},{"@type":"ListItem","position":2,"name":"Reuni\u00f3n bilateral de la EFS de Eslovenia y la EFS de Montenegro"}]},{"@type":"WebSite","@id":"https:\/\/u-intosai.org\/es\/#website","url":"https:\/\/u-intosai.org\/es\/","name":"U-INTOSAI","description":"U-INTOSAI is an open online educational platform for all INTOSAI members created as a unique space for exchanging experience and advanced knowledge.","publisher":{"@id":"https:\/\/u-intosai.org\/es\/#organization"},"potentialAction":[{"@type":"SearchAction","target":{"@type":"EntryPoint","urlTemplate":"https:\/\/u-intosai.org\/es\/?s={search_term_string}"},"query-input":{"@type":"PropertyValueSpecification","valueRequired":true,"valueName":"search_term_string"}}],"inLanguage":"es"},{"@type":"Organization","@id":"https:\/\/u-intosai.org\/es\/#organization","name":"U-INTOSAI \u2014 University of INTOSAI","url":"https:\/\/u-intosai.org\/es\/","logo":{"@type":"ImageObject","inLanguage":"es","@id":"https:\/\/u-intosai.org\/es\/#\/schema\/logo\/image\/","url":"https:\/\/u-intosai.org\/wp-content\/uploads\/2021\/08\/miniu-intosai-logo.png","contentUrl":"https:\/\/u-intosai.org\/wp-content\/uploads\/2021\/08\/miniu-intosai-logo.png","width":1000,"height":479,"caption":"U-INTOSAI \u2014 University of INTOSAI"},"image":{"@id":"https:\/\/u-intosai.org\/es\/#\/schema\/logo\/image\/"},"sameAs":["https:\/\/x.com\/Incosai2019","https:\/\/www.youtube.com\/channel\/UCjD--8sXtgxoPrxRQ_rz5GQ"]},{"@type":"Person","@id":"https:\/\/u-intosai.org\/es\/#\/schema\/person\/5b8e90b43056f89f1f723dff8ecf21c6","name":"SAI Russia","image":{"@type":"ImageObject","inLanguage":"es","@id":"https:\/\/secure.gravatar.com\/avatar\/843130143c21cda7d6624367554857f4f5b0e6ceed5ceb57003a27cc363521bc?s=96&d=mm&r=g","url":"https:\/\/secure.gravatar.com\/avatar\/843130143c21cda7d6624367554857f4f5b0e6ceed5ceb57003a27cc363521bc?s=96&d=mm&r=g","contentUrl":"https:\/\/secure.gravatar.com\/avatar\/843130143c21cda7d6624367554857f4f5b0e6ceed5ceb57003a27cc363521bc?s=96&d=mm&r=g","caption":"SAI Russia"},"url":"https:\/\/u-intosai.org\/es\/author\/anniet\/"}]}},"_links":{"self":[{"href":"https:\/\/u-intosai.org\/es\/wp-json\/wp\/v2\/posts\/41558","targetHints":{"allow":["GET"]}}],"collection":[{"href":"https:\/\/u-intosai.org\/es\/wp-json\/wp\/v2\/posts"}],"about":[{"href":"https:\/\/u-intosai.org\/es\/wp-json\/wp\/v2\/types\/post"}],"author":[{"embeddable":true,"href":"https:\/\/u-intosai.org\/es\/wp-json\/wp\/v2\/users\/206"}],"replies":[{"embeddable":true,"href":"https:\/\/u-intosai.org\/es\/wp-json\/wp\/v2\/comments?post=41558"}],"version-history":[{"count":2,"href":"https:\/\/u-intosai.org\/es\/wp-json\/wp\/v2\/posts\/41558\/revisions"}],"predecessor-version":[{"id":41568,"href":"https:\/\/u-intosai.org\/es\/wp-json\/wp\/v2\/posts\/41558\/revisions\/41568"}],"wp:featuredmedia":[{"embeddable":true,"href":"https:\/\/u-intosai.org\/es\/wp-json\/wp\/v2\/media\/37698"}],"wp:attachment":[{"href":"https:\/\/u-intosai.org\/es\/wp-json\/wp\/v2\/media?parent=41558"}],"wp:term":[{"taxonomy":"category","embeddable":true,"href":"https:\/\/u-intosai.org\/es\/wp-json\/wp\/v2\/categories?post=41558"},{"taxonomy":"post_tag","embeddable":true,"href":"https:\/\/u-intosai.org\/es\/wp-json\/wp\/v2\/tags?post=41558"}],"curies":[{"name":"wp","href":"https:\/\/api.w.org\/{rel}","templated":true}]}}