{"id":45270,"date":"2024-06-21T07:47:52","date_gmt":"2024-06-21T04:47:52","guid":{"rendered":"https:\/\/u-intosai.org\/sin-categorizar\/voa-albanii-provel-vstrechu-s-ekspertom-nacionalnogo-demokraticheskogo-instituta\/"},"modified":"2024-11-08T18:20:03","modified_gmt":"2024-11-08T15:20:03","slug":"la-efs-de-albania-se-reune-con-un-experto-del-instituto-nacional-democrata","status":"publish","type":"post","link":"https:\/\/u-intosai.org\/es\/noticias\/la-efs-de-albania-se-reune-con-un-experto-del-instituto-nacional-democrata\/","title":{"rendered":"La EFS de Albania se re\u00fane con un experto del Instituto Nacional Dem\u00f3crata"},"content":{"rendered":"<p>El Presidente de la EFS de Albania, el Sr. Arben Shehu, <a href=\"https:\/\/www.klsh.org.al\/content_text\/6022\">mantuvo<\/a> una reuni\u00f3n con el experto del Instituto Nacional Dem\u00f3crata, el Sr. Juhan Parts, quien hab\u00eda sido Primer Ministro, Ministro de Finanzas y Auditor General de Estonia.<\/p>\n<p>El objetivo de la reuni\u00f3n consist\u00eda en el trabajo sobre un proyecto com\u00fan de creaci\u00f3n de un comit\u00e9 para la auditor\u00eda p\u00fablica con el fin de mejorar el desempe\u00f1o de la EFS de Albania.<\/p>\n","protected":false},"excerpt":{"rendered":"<p>El Presidente de la EFS de Albania, el Sr. Arben Shehu, mantuvo una reuni\u00f3n con el experto del Instituto Nacional Dem\u00f3crata, el Sr. Juhan Parts, quien hab\u00eda sido Primer Ministro, Ministro de Finanzas y Auditor General de Estonia. El objetivo de la reuni\u00f3n consist\u00eda en el trabajo sobre un proyecto com\u00fan de creaci\u00f3n de un [&hellip;]<\/p>\n","protected":false},"author":206,"featured_media":43296,"comment_status":"closed","ping_status":"closed","sticky":false,"template":"","format":"standard","meta":{"_acf_changed":false,"pmpro_default_level":"","footnotes":""},"categories":[272],"tags":[629,618,1564,616],"class_list":["post-45270","post","type-post","status-publish","format-standard","has-post-thumbnail","hentry","category-noticias","tag-colaboracion","tag-desarrollo-de-capacidad","tag-sai-albania-es","tag-apertura","pmpro-has-access"],"acf":[],"yoast_head":"<!-- This site is optimized with the Yoast SEO plugin v27.4 - https:\/\/yoast.com\/product\/yoast-seo-wordpress\/ -->\n<title>La EFS de Albania se re\u00fane con un experto del Instituto Nacional Dem\u00f3crata | U-INTOSAI<\/title>\n<meta name=\"description\" content=\"La EFS de Albania se re\u00fane con un experto del Instituto Nacional Dem\u00f3crata\" \/>\n<meta name=\"robots\" content=\"index, follow, max-snippet:-1, max-image-preview:large, max-video-preview:-1\" \/>\n<link rel=\"canonical\" href=\"https:\/\/u-intosai.org\/es\/noticias\/la-efs-de-albania-se-reune-con-un-experto-del-instituto-nacional-democrata\/\" \/>\n<meta property=\"og:locale\" content=\"es_ES\" \/>\n<meta property=\"og:type\" content=\"article\" \/>\n<meta property=\"og:title\" content=\"La EFS de Albania se re\u00fane con un experto del Instituto Nacional Dem\u00f3crata | U-INTOSAI\" \/>\n<meta property=\"og:description\" content=\"La EFS de Albania se re\u00fane con un experto del Instituto Nacional Dem\u00f3crata\" \/>\n<meta property=\"og:url\" content=\"https:\/\/u-intosai.org\/es\/noticias\/la-efs-de-albania-se-reune-con-un-experto-del-instituto-nacional-democrata\/\" \/>\n<meta property=\"og:site_name\" content=\"U-INTOSAI\" \/>\n<meta property=\"article:published_time\" content=\"2024-06-21T04:47:52+00:00\" \/>\n<meta property=\"article:modified_time\" content=\"2024-11-08T15:20:03+00:00\" \/>\n<meta property=\"og:image\" content=\"https:\/\/u-intosai.org\/wp-content\/uploads\/2024\/06\/122121212-1.jpg\" \/>\n\t<meta property=\"og:image:width\" content=\"160\" \/>\n\t<meta property=\"og:image:height\" content=\"132\" \/>\n\t<meta property=\"og:image:type\" content=\"image\/jpeg\" \/>\n<meta name=\"author\" content=\"SAI Russia\" \/>\n<meta name=\"twitter:card\" content=\"summary_large_image\" \/>\n<meta name=\"twitter:creator\" content=\"@Incosai2019\" \/>\n<meta name=\"twitter:site\" content=\"@Incosai2019\" \/>\n<meta name=\"twitter:label1\" content=\"Escrito por\" \/>\n\t<meta name=\"twitter:data1\" content=\"SAI Russia\" \/>\n<script type=\"application\/ld+json\" class=\"yoast-schema-graph\">{\"@context\":\"https:\\\/\\\/schema.org\",\"@graph\":[{\"@type\":\"Article\",\"@id\":\"https:\\\/\\\/u-intosai.org\\\/es\\\/noticias\\\/la-efs-de-albania-se-reune-con-un-experto-del-instituto-nacional-democrata\\\/#article\",\"isPartOf\":{\"@id\":\"https:\\\/\\\/u-intosai.org\\\/es\\\/noticias\\\/la-efs-de-albania-se-reune-con-un-experto-del-instituto-nacional-democrata\\\/\"},\"author\":{\"name\":\"SAI Russia\",\"@id\":\"https:\\\/\\\/u-intosai.org\\\/es\\\/#\\\/schema\\\/person\\\/5b8e90b43056f89f1f723dff8ecf21c6\"},\"headline\":\"La EFS de Albania se re\u00fane con un experto del Instituto Nacional Dem\u00f3crata\",\"datePublished\":\"2024-06-21T04:47:52+00:00\",\"dateModified\":\"2024-11-08T15:20:03+00:00\",\"mainEntityOfPage\":{\"@id\":\"https:\\\/\\\/u-intosai.org\\\/es\\\/noticias\\\/la-efs-de-albania-se-reune-con-un-experto-del-instituto-nacional-democrata\\\/\"},\"wordCount\":97,\"publisher\":{\"@id\":\"https:\\\/\\\/u-intosai.org\\\/es\\\/#organization\"},\"image\":{\"@id\":\"https:\\\/\\\/u-intosai.org\\\/es\\\/noticias\\\/la-efs-de-albania-se-reune-con-un-experto-del-instituto-nacional-democrata\\\/#primaryimage\"},\"thumbnailUrl\":\"https:\\\/\\\/u-intosai.org\\\/wp-content\\\/uploads\\\/2024\\\/06\\\/122121212-1.jpg\",\"keywords\":[\"Colaboraci\u00f3n\",\"Desarrollo de capacidades\",\"SAI Albania\",\"Transparencia\"],\"articleSection\":[\"Noticias\"],\"inLanguage\":\"es\"},{\"@type\":\"WebPage\",\"@id\":\"https:\\\/\\\/u-intosai.org\\\/es\\\/noticias\\\/la-efs-de-albania-se-reune-con-un-experto-del-instituto-nacional-democrata\\\/\",\"url\":\"https:\\\/\\\/u-intosai.org\\\/es\\\/noticias\\\/la-efs-de-albania-se-reune-con-un-experto-del-instituto-nacional-democrata\\\/\",\"name\":\"La EFS de Albania se re\u00fane con un experto del Instituto Nacional Dem\u00f3crata | U-INTOSAI\",\"isPartOf\":{\"@id\":\"https:\\\/\\\/u-intosai.org\\\/es\\\/#website\"},\"primaryImageOfPage\":{\"@id\":\"https:\\\/\\\/u-intosai.org\\\/es\\\/noticias\\\/la-efs-de-albania-se-reune-con-un-experto-del-instituto-nacional-democrata\\\/#primaryimage\"},\"image\":{\"@id\":\"https:\\\/\\\/u-intosai.org\\\/es\\\/noticias\\\/la-efs-de-albania-se-reune-con-un-experto-del-instituto-nacional-democrata\\\/#primaryimage\"},\"thumbnailUrl\":\"https:\\\/\\\/u-intosai.org\\\/wp-content\\\/uploads\\\/2024\\\/06\\\/122121212-1.jpg\",\"datePublished\":\"2024-06-21T04:47:52+00:00\",\"dateModified\":\"2024-11-08T15:20:03+00:00\",\"description\":\"La EFS de Albania se re\u00fane con un experto del Instituto Nacional Dem\u00f3crata\",\"breadcrumb\":{\"@id\":\"https:\\\/\\\/u-intosai.org\\\/es\\\/noticias\\\/la-efs-de-albania-se-reune-con-un-experto-del-instituto-nacional-democrata\\\/#breadcrumb\"},\"inLanguage\":\"es\",\"potentialAction\":[{\"@type\":\"ReadAction\",\"target\":[\"https:\\\/\\\/u-intosai.org\\\/es\\\/noticias\\\/la-efs-de-albania-se-reune-con-un-experto-del-instituto-nacional-democrata\\\/\"]}]},{\"@type\":\"ImageObject\",\"inLanguage\":\"es\",\"@id\":\"https:\\\/\\\/u-intosai.org\\\/es\\\/noticias\\\/la-efs-de-albania-se-reune-con-un-experto-del-instituto-nacional-democrata\\\/#primaryimage\",\"url\":\"https:\\\/\\\/u-intosai.org\\\/wp-content\\\/uploads\\\/2024\\\/06\\\/122121212-1.jpg\",\"contentUrl\":\"https:\\\/\\\/u-intosai.org\\\/wp-content\\\/uploads\\\/2024\\\/06\\\/122121212-1.jpg\",\"width\":160,\"height\":132},{\"@type\":\"BreadcrumbList\",\"@id\":\"https:\\\/\\\/u-intosai.org\\\/es\\\/noticias\\\/la-efs-de-albania-se-reune-con-un-experto-del-instituto-nacional-democrata\\\/#breadcrumb\",\"itemListElement\":[{\"@type\":\"ListItem\",\"position\":1,\"name\":\"U-INTOSAI\",\"item\":\"https:\\\/\\\/u-intosai.org\\\/es\\\/\"},{\"@type\":\"ListItem\",\"position\":2,\"name\":\"La EFS de Albania se re\u00fane con un experto del Instituto Nacional Dem\u00f3crata\"}]},{\"@type\":\"WebSite\",\"@id\":\"https:\\\/\\\/u-intosai.org\\\/es\\\/#website\",\"url\":\"https:\\\/\\\/u-intosai.org\\\/es\\\/\",\"name\":\"U-INTOSAI\",\"description\":\"U-INTOSAI is an open online educational platform for all INTOSAI members created as a unique space for exchanging experience and advanced knowledge.\",\"publisher\":{\"@id\":\"https:\\\/\\\/u-intosai.org\\\/es\\\/#organization\"},\"potentialAction\":[{\"@type\":\"SearchAction\",\"target\":{\"@type\":\"EntryPoint\",\"urlTemplate\":\"https:\\\/\\\/u-intosai.org\\\/es\\\/?s={search_term_string}\"},\"query-input\":{\"@type\":\"PropertyValueSpecification\",\"valueRequired\":true,\"valueName\":\"search_term_string\"}}],\"inLanguage\":\"es\"},{\"@type\":\"Organization\",\"@id\":\"https:\\\/\\\/u-intosai.org\\\/es\\\/#organization\",\"name\":\"U-INTOSAI \u2014 University of INTOSAI\",\"url\":\"https:\\\/\\\/u-intosai.org\\\/es\\\/\",\"logo\":{\"@type\":\"ImageObject\",\"inLanguage\":\"es\",\"@id\":\"https:\\\/\\\/u-intosai.org\\\/es\\\/#\\\/schema\\\/logo\\\/image\\\/\",\"url\":\"https:\\\/\\\/u-intosai.org\\\/wp-content\\\/uploads\\\/2021\\\/08\\\/miniu-intosai-logo.png\",\"contentUrl\":\"https:\\\/\\\/u-intosai.org\\\/wp-content\\\/uploads\\\/2021\\\/08\\\/miniu-intosai-logo.png\",\"width\":1000,\"height\":479,\"caption\":\"U-INTOSAI \u2014 University of INTOSAI\"},\"image\":{\"@id\":\"https:\\\/\\\/u-intosai.org\\\/es\\\/#\\\/schema\\\/logo\\\/image\\\/\"},\"sameAs\":[\"https:\\\/\\\/x.com\\\/Incosai2019\",\"https:\\\/\\\/www.youtube.com\\\/channel\\\/UCjD--8sXtgxoPrxRQ_rz5GQ\"]},{\"@type\":\"Person\",\"@id\":\"https:\\\/\\\/u-intosai.org\\\/es\\\/#\\\/schema\\\/person\\\/5b8e90b43056f89f1f723dff8ecf21c6\",\"name\":\"SAI Russia\",\"image\":{\"@type\":\"ImageObject\",\"inLanguage\":\"es\",\"@id\":\"https:\\\/\\\/secure.gravatar.com\\\/avatar\\\/843130143c21cda7d6624367554857f4f5b0e6ceed5ceb57003a27cc363521bc?s=96&d=mm&r=g\",\"url\":\"https:\\\/\\\/secure.gravatar.com\\\/avatar\\\/843130143c21cda7d6624367554857f4f5b0e6ceed5ceb57003a27cc363521bc?s=96&d=mm&r=g\",\"contentUrl\":\"https:\\\/\\\/secure.gravatar.com\\\/avatar\\\/843130143c21cda7d6624367554857f4f5b0e6ceed5ceb57003a27cc363521bc?s=96&d=mm&r=g\",\"caption\":\"SAI Russia\"},\"url\":\"https:\\\/\\\/u-intosai.org\\\/es\\\/author\\\/anniet\\\/\"}]}<\/script>\n<!-- \/ Yoast SEO plugin. -->","yoast_head_json":{"title":"La EFS de Albania se re\u00fane con un experto del Instituto Nacional Dem\u00f3crata | U-INTOSAI","description":"La EFS de Albania se re\u00fane con un experto del Instituto Nacional Dem\u00f3crata","robots":{"index":"index","follow":"follow","max-snippet":"max-snippet:-1","max-image-preview":"max-image-preview:large","max-video-preview":"max-video-preview:-1"},"canonical":"https:\/\/u-intosai.org\/es\/noticias\/la-efs-de-albania-se-reune-con-un-experto-del-instituto-nacional-democrata\/","og_locale":"es_ES","og_type":"article","og_title":"La EFS de Albania se re\u00fane con un experto del Instituto Nacional Dem\u00f3crata | U-INTOSAI","og_description":"La EFS de Albania se re\u00fane con un experto del Instituto Nacional Dem\u00f3crata","og_url":"https:\/\/u-intosai.org\/es\/noticias\/la-efs-de-albania-se-reune-con-un-experto-del-instituto-nacional-democrata\/","og_site_name":"U-INTOSAI","article_published_time":"2024-06-21T04:47:52+00:00","article_modified_time":"2024-11-08T15:20:03+00:00","og_image":[{"width":160,"height":132,"url":"https:\/\/u-intosai.org\/wp-content\/uploads\/2024\/06\/122121212-1.jpg","type":"image\/jpeg"}],"author":"SAI Russia","twitter_card":"summary_large_image","twitter_creator":"@Incosai2019","twitter_site":"@Incosai2019","twitter_misc":{"Escrito por":"SAI Russia"},"schema":{"@context":"https:\/\/schema.org","@graph":[{"@type":"Article","@id":"https:\/\/u-intosai.org\/es\/noticias\/la-efs-de-albania-se-reune-con-un-experto-del-instituto-nacional-democrata\/#article","isPartOf":{"@id":"https:\/\/u-intosai.org\/es\/noticias\/la-efs-de-albania-se-reune-con-un-experto-del-instituto-nacional-democrata\/"},"author":{"name":"SAI Russia","@id":"https:\/\/u-intosai.org\/es\/#\/schema\/person\/5b8e90b43056f89f1f723dff8ecf21c6"},"headline":"La EFS de Albania se re\u00fane con un experto del Instituto Nacional Dem\u00f3crata","datePublished":"2024-06-21T04:47:52+00:00","dateModified":"2024-11-08T15:20:03+00:00","mainEntityOfPage":{"@id":"https:\/\/u-intosai.org\/es\/noticias\/la-efs-de-albania-se-reune-con-un-experto-del-instituto-nacional-democrata\/"},"wordCount":97,"publisher":{"@id":"https:\/\/u-intosai.org\/es\/#organization"},"image":{"@id":"https:\/\/u-intosai.org\/es\/noticias\/la-efs-de-albania-se-reune-con-un-experto-del-instituto-nacional-democrata\/#primaryimage"},"thumbnailUrl":"https:\/\/u-intosai.org\/wp-content\/uploads\/2024\/06\/122121212-1.jpg","keywords":["Colaboraci\u00f3n","Desarrollo de capacidades","SAI Albania","Transparencia"],"articleSection":["Noticias"],"inLanguage":"es"},{"@type":"WebPage","@id":"https:\/\/u-intosai.org\/es\/noticias\/la-efs-de-albania-se-reune-con-un-experto-del-instituto-nacional-democrata\/","url":"https:\/\/u-intosai.org\/es\/noticias\/la-efs-de-albania-se-reune-con-un-experto-del-instituto-nacional-democrata\/","name":"La EFS de Albania se re\u00fane con un experto del Instituto Nacional Dem\u00f3crata | U-INTOSAI","isPartOf":{"@id":"https:\/\/u-intosai.org\/es\/#website"},"primaryImageOfPage":{"@id":"https:\/\/u-intosai.org\/es\/noticias\/la-efs-de-albania-se-reune-con-un-experto-del-instituto-nacional-democrata\/#primaryimage"},"image":{"@id":"https:\/\/u-intosai.org\/es\/noticias\/la-efs-de-albania-se-reune-con-un-experto-del-instituto-nacional-democrata\/#primaryimage"},"thumbnailUrl":"https:\/\/u-intosai.org\/wp-content\/uploads\/2024\/06\/122121212-1.jpg","datePublished":"2024-06-21T04:47:52+00:00","dateModified":"2024-11-08T15:20:03+00:00","description":"La EFS de Albania se re\u00fane con un experto del Instituto Nacional Dem\u00f3crata","breadcrumb":{"@id":"https:\/\/u-intosai.org\/es\/noticias\/la-efs-de-albania-se-reune-con-un-experto-del-instituto-nacional-democrata\/#breadcrumb"},"inLanguage":"es","potentialAction":[{"@type":"ReadAction","target":["https:\/\/u-intosai.org\/es\/noticias\/la-efs-de-albania-se-reune-con-un-experto-del-instituto-nacional-democrata\/"]}]},{"@type":"ImageObject","inLanguage":"es","@id":"https:\/\/u-intosai.org\/es\/noticias\/la-efs-de-albania-se-reune-con-un-experto-del-instituto-nacional-democrata\/#primaryimage","url":"https:\/\/u-intosai.org\/wp-content\/uploads\/2024\/06\/122121212-1.jpg","contentUrl":"https:\/\/u-intosai.org\/wp-content\/uploads\/2024\/06\/122121212-1.jpg","width":160,"height":132},{"@type":"BreadcrumbList","@id":"https:\/\/u-intosai.org\/es\/noticias\/la-efs-de-albania-se-reune-con-un-experto-del-instituto-nacional-democrata\/#breadcrumb","itemListElement":[{"@type":"ListItem","position":1,"name":"U-INTOSAI","item":"https:\/\/u-intosai.org\/es\/"},{"@type":"ListItem","position":2,"name":"La EFS de Albania se re\u00fane con un experto del Instituto Nacional Dem\u00f3crata"}]},{"@type":"WebSite","@id":"https:\/\/u-intosai.org\/es\/#website","url":"https:\/\/u-intosai.org\/es\/","name":"U-INTOSAI","description":"U-INTOSAI is an open online educational platform for all INTOSAI members created as a unique space for exchanging experience and advanced knowledge.","publisher":{"@id":"https:\/\/u-intosai.org\/es\/#organization"},"potentialAction":[{"@type":"SearchAction","target":{"@type":"EntryPoint","urlTemplate":"https:\/\/u-intosai.org\/es\/?s={search_term_string}"},"query-input":{"@type":"PropertyValueSpecification","valueRequired":true,"valueName":"search_term_string"}}],"inLanguage":"es"},{"@type":"Organization","@id":"https:\/\/u-intosai.org\/es\/#organization","name":"U-INTOSAI \u2014 University of INTOSAI","url":"https:\/\/u-intosai.org\/es\/","logo":{"@type":"ImageObject","inLanguage":"es","@id":"https:\/\/u-intosai.org\/es\/#\/schema\/logo\/image\/","url":"https:\/\/u-intosai.org\/wp-content\/uploads\/2021\/08\/miniu-intosai-logo.png","contentUrl":"https:\/\/u-intosai.org\/wp-content\/uploads\/2021\/08\/miniu-intosai-logo.png","width":1000,"height":479,"caption":"U-INTOSAI \u2014 University of INTOSAI"},"image":{"@id":"https:\/\/u-intosai.org\/es\/#\/schema\/logo\/image\/"},"sameAs":["https:\/\/x.com\/Incosai2019","https:\/\/www.youtube.com\/channel\/UCjD--8sXtgxoPrxRQ_rz5GQ"]},{"@type":"Person","@id":"https:\/\/u-intosai.org\/es\/#\/schema\/person\/5b8e90b43056f89f1f723dff8ecf21c6","name":"SAI Russia","image":{"@type":"ImageObject","inLanguage":"es","@id":"https:\/\/secure.gravatar.com\/avatar\/843130143c21cda7d6624367554857f4f5b0e6ceed5ceb57003a27cc363521bc?s=96&d=mm&r=g","url":"https:\/\/secure.gravatar.com\/avatar\/843130143c21cda7d6624367554857f4f5b0e6ceed5ceb57003a27cc363521bc?s=96&d=mm&r=g","contentUrl":"https:\/\/secure.gravatar.com\/avatar\/843130143c21cda7d6624367554857f4f5b0e6ceed5ceb57003a27cc363521bc?s=96&d=mm&r=g","caption":"SAI Russia"},"url":"https:\/\/u-intosai.org\/es\/author\/anniet\/"}]}},"_links":{"self":[{"href":"https:\/\/u-intosai.org\/es\/wp-json\/wp\/v2\/posts\/45270","targetHints":{"allow":["GET"]}}],"collection":[{"href":"https:\/\/u-intosai.org\/es\/wp-json\/wp\/v2\/posts"}],"about":[{"href":"https:\/\/u-intosai.org\/es\/wp-json\/wp\/v2\/types\/post"}],"author":[{"embeddable":true,"href":"https:\/\/u-intosai.org\/es\/wp-json\/wp\/v2\/users\/206"}],"replies":[{"embeddable":true,"href":"https:\/\/u-intosai.org\/es\/wp-json\/wp\/v2\/comments?post=45270"}],"version-history":[{"count":2,"href":"https:\/\/u-intosai.org\/es\/wp-json\/wp\/v2\/posts\/45270\/revisions"}],"predecessor-version":[{"id":45698,"href":"https:\/\/u-intosai.org\/es\/wp-json\/wp\/v2\/posts\/45270\/revisions\/45698"}],"wp:featuredmedia":[{"embeddable":true,"href":"https:\/\/u-intosai.org\/es\/wp-json\/wp\/v2\/media\/43296"}],"wp:attachment":[{"href":"https:\/\/u-intosai.org\/es\/wp-json\/wp\/v2\/media?parent=45270"}],"wp:term":[{"taxonomy":"category","embeddable":true,"href":"https:\/\/u-intosai.org\/es\/wp-json\/wp\/v2\/categories?post=45270"},{"taxonomy":"post_tag","embeddable":true,"href":"https:\/\/u-intosai.org\/es\/wp-json\/wp\/v2\/tags?post=45270"}],"curies":[{"name":"wp","href":"https:\/\/api.w.org\/{rel}","templated":true}]}}