{"id":6965,"date":"2021-05-24T16:45:27","date_gmt":"2021-05-24T16:45:27","guid":{"rendered":"https:\/\/u-intosai.org\/sin-categorizar\/la-efs-de-el-salvador-lleva-a-cabo-una-capacitacion-virtual-sobre-sus-funciones\/"},"modified":"2021-07-01T16:46:18","modified_gmt":"2021-07-01T16:46:18","slug":"la-efs-de-el-salvador-lleva-a-cabo-una-capacitacion-virtual-sobre-sus-funciones","status":"publish","type":"post","link":"https:\/\/u-intosai.org\/es\/noticias\/la-efs-de-el-salvador-lleva-a-cabo-una-capacitacion-virtual-sobre-sus-funciones\/","title":{"rendered":"LA EFS DE EL SALVADOR LLEVA A CABO UNA CAPACITACI\u00d3N VIRTUAL SOBRE SUS FUNCIONES"},"content":{"rendered":"<p>The Court of Accounts of the Republic of El Salvador (CCR) has recently conducted a special training \u00abReference Framework of the Functions of the CCR\u201d for its personnel in order to familiarize them with the functions and activities of the Court.<\/p>\n<p>The training was held virtually by the Research and Training Center (CINCAP) and engaged about 40 participants.<\/p>\n<p>The training included such aspects as the constitutional foundation, the fiscal and jurisdictional functions of the Court, peculiarities of the state management and control, public debt management, as well as many other issues faced by the public auditors in their daily work.<\/p>\n<blockquote class=\"twitter-tweet\">\n<p dir=\"ltr\" lang=\"es\" style=\"text-align: center;\">&#x1f517;Con el fin que el personal de la administraci\u00f3n p\u00fablica conozca y aplique en la ejecuci\u00f3n de sus funciones aspectos de la Ley de la Corte de Cuentas de la Rep\u00fablica, este d\u00eda se imparte capacitaci\u00f3n virtual sobre \u00abMarco Referencial de las Funciones de la CCR\u00bb&#x1f4d6; <a href=\"https:\/\/t.co\/msx8oUXuBX\">pic.twitter.com\/msx8oUXuBX<\/a><\/p>\n<p style=\"text-align: center;\">\u2014 Corte de Cuentas (@CortedeCuentas) <a href=\"https:\/\/twitter.com\/CortedeCuentas\/status\/1383113683769901058?ref_src=twsrc%5Etfw\">April 16, 2021<\/a><\/p>\n<\/blockquote>\n<p><script async src=\"https:\/\/platform.twitter.com\/widgets.js\" charset=\"utf-8\"><\/script><\/p>\n","protected":false},"excerpt":{"rendered":"<p>The Court of Accounts of the Republic of El Salvador (CCR) has recently conducted a special training \u00abReference Framework of the Functions of the CCR\u201d for its personnel in order to familiarize them with the functions and activities of the Court. The training was held virtually by the Research and Training Center (CINCAP) and engaged [&hellip;]<\/p>\n","protected":false},"author":1,"featured_media":6966,"comment_status":"open","ping_status":"open","sticky":false,"template":"","format":"standard","meta":{"_acf_changed":false,"pmpro_default_level":"","footnotes":""},"categories":[272],"tags":[],"class_list":["post-6965","post","type-post","status-publish","format-standard","has-post-thumbnail","hentry","category-noticias","pmpro-has-access"],"acf":[],"yoast_head":"<!-- This site is optimized with the Yoast SEO plugin v27.4 - https:\/\/yoast.com\/product\/yoast-seo-wordpress\/ -->\n<title>LA EFS DE EL SALVADOR LLEVA A CABO UNA CAPACITACI\u00d3N VIRTUAL SOBRE SUS FUNCIONES | U-INTOSAI<\/title>\n<meta name=\"description\" content=\"LA EFS DE EL SALVADOR LLEVA A CABO UNA CAPACITACI\u00d3N VIRTUAL SOBRE SUS FUNCIONES\" \/>\n<meta name=\"robots\" content=\"index, follow, max-snippet:-1, max-image-preview:large, max-video-preview:-1\" \/>\n<link rel=\"canonical\" href=\"https:\/\/u-intosai.org\/es\/noticias\/la-efs-de-el-salvador-lleva-a-cabo-una-capacitacion-virtual-sobre-sus-funciones\/\" \/>\n<meta property=\"og:locale\" content=\"es_ES\" \/>\n<meta property=\"og:type\" content=\"article\" \/>\n<meta property=\"og:title\" content=\"LA EFS DE EL SALVADOR LLEVA A CABO UNA CAPACITACI\u00d3N VIRTUAL SOBRE SUS FUNCIONES | U-INTOSAI\" \/>\n<meta property=\"og:description\" content=\"LA EFS DE EL SALVADOR LLEVA A CABO UNA CAPACITACI\u00d3N VIRTUAL SOBRE SUS FUNCIONES\" \/>\n<meta property=\"og:url\" content=\"https:\/\/u-intosai.org\/es\/noticias\/la-efs-de-el-salvador-lleva-a-cabo-una-capacitacion-virtual-sobre-sus-funciones\/\" \/>\n<meta property=\"og:site_name\" content=\"U-INTOSAI\" \/>\n<meta property=\"article:published_time\" content=\"2021-05-24T16:45:27+00:00\" \/>\n<meta property=\"article:modified_time\" content=\"2021-07-01T16:46:18+00:00\" \/>\n<meta property=\"og:image\" content=\"https:\/\/u-intosai.org\/wp-content\/uploads\/2021\/05\/EzHOjnzXAAM34567KS-i-1200x400.jpg\" \/>\n\t<meta property=\"og:image:width\" content=\"1203\" \/>\n\t<meta property=\"og:image:height\" content=\"401\" \/>\n\t<meta property=\"og:image:type\" content=\"image\/jpeg\" \/>\n<meta name=\"author\" content=\"SAI Russia\" \/>\n<meta name=\"twitter:card\" content=\"summary_large_image\" \/>\n<meta name=\"twitter:creator\" content=\"@Incosai2019\" \/>\n<meta name=\"twitter:site\" content=\"@Incosai2019\" \/>\n<meta name=\"twitter:label1\" content=\"Escrito por\" \/>\n\t<meta name=\"twitter:data1\" content=\"SAI Russia\" \/>\n\t<meta name=\"twitter:label2\" content=\"Tiempo de lectura\" \/>\n\t<meta name=\"twitter:data2\" content=\"1 minuto\" \/>\n<script type=\"application\/ld+json\" class=\"yoast-schema-graph\">{\"@context\":\"https:\\\/\\\/schema.org\",\"@graph\":[{\"@type\":\"Article\",\"@id\":\"https:\\\/\\\/u-intosai.org\\\/es\\\/noticias\\\/la-efs-de-el-salvador-lleva-a-cabo-una-capacitacion-virtual-sobre-sus-funciones\\\/#article\",\"isPartOf\":{\"@id\":\"https:\\\/\\\/u-intosai.org\\\/es\\\/noticias\\\/la-efs-de-el-salvador-lleva-a-cabo-una-capacitacion-virtual-sobre-sus-funciones\\\/\"},\"author\":{\"name\":\"SAI Russia\",\"@id\":\"https:\\\/\\\/u-intosai.org\\\/es\\\/#\\\/schema\\\/person\\\/276b1994bac66751c442569957685eb9\"},\"headline\":\"LA EFS DE EL SALVADOR LLEVA A CABO UNA CAPACITACI\u00d3N VIRTUAL SOBRE SUS FUNCIONES\",\"datePublished\":\"2021-05-24T16:45:27+00:00\",\"dateModified\":\"2021-07-01T16:46:18+00:00\",\"mainEntityOfPage\":{\"@id\":\"https:\\\/\\\/u-intosai.org\\\/es\\\/noticias\\\/la-efs-de-el-salvador-lleva-a-cabo-una-capacitacion-virtual-sobre-sus-funciones\\\/\"},\"wordCount\":181,\"commentCount\":0,\"publisher\":{\"@id\":\"https:\\\/\\\/u-intosai.org\\\/es\\\/#organization\"},\"image\":{\"@id\":\"https:\\\/\\\/u-intosai.org\\\/es\\\/noticias\\\/la-efs-de-el-salvador-lleva-a-cabo-una-capacitacion-virtual-sobre-sus-funciones\\\/#primaryimage\"},\"thumbnailUrl\":\"https:\\\/\\\/u-intosai.org\\\/wp-content\\\/uploads\\\/2021\\\/05\\\/EzHOjnzXAAM34567KS-i-1200x400.jpg\",\"articleSection\":[\"Noticias\"],\"inLanguage\":\"es\"},{\"@type\":\"WebPage\",\"@id\":\"https:\\\/\\\/u-intosai.org\\\/es\\\/noticias\\\/la-efs-de-el-salvador-lleva-a-cabo-una-capacitacion-virtual-sobre-sus-funciones\\\/\",\"url\":\"https:\\\/\\\/u-intosai.org\\\/es\\\/noticias\\\/la-efs-de-el-salvador-lleva-a-cabo-una-capacitacion-virtual-sobre-sus-funciones\\\/\",\"name\":\"LA EFS DE EL SALVADOR LLEVA A CABO UNA CAPACITACI\u00d3N VIRTUAL SOBRE SUS FUNCIONES | U-INTOSAI\",\"isPartOf\":{\"@id\":\"https:\\\/\\\/u-intosai.org\\\/es\\\/#website\"},\"primaryImageOfPage\":{\"@id\":\"https:\\\/\\\/u-intosai.org\\\/es\\\/noticias\\\/la-efs-de-el-salvador-lleva-a-cabo-una-capacitacion-virtual-sobre-sus-funciones\\\/#primaryimage\"},\"image\":{\"@id\":\"https:\\\/\\\/u-intosai.org\\\/es\\\/noticias\\\/la-efs-de-el-salvador-lleva-a-cabo-una-capacitacion-virtual-sobre-sus-funciones\\\/#primaryimage\"},\"thumbnailUrl\":\"https:\\\/\\\/u-intosai.org\\\/wp-content\\\/uploads\\\/2021\\\/05\\\/EzHOjnzXAAM34567KS-i-1200x400.jpg\",\"datePublished\":\"2021-05-24T16:45:27+00:00\",\"dateModified\":\"2021-07-01T16:46:18+00:00\",\"description\":\"LA EFS DE EL SALVADOR LLEVA A CABO UNA CAPACITACI\u00d3N VIRTUAL SOBRE SUS FUNCIONES\",\"breadcrumb\":{\"@id\":\"https:\\\/\\\/u-intosai.org\\\/es\\\/noticias\\\/la-efs-de-el-salvador-lleva-a-cabo-una-capacitacion-virtual-sobre-sus-funciones\\\/#breadcrumb\"},\"inLanguage\":\"es\",\"potentialAction\":[{\"@type\":\"ReadAction\",\"target\":[\"https:\\\/\\\/u-intosai.org\\\/es\\\/noticias\\\/la-efs-de-el-salvador-lleva-a-cabo-una-capacitacion-virtual-sobre-sus-funciones\\\/\"]}]},{\"@type\":\"ImageObject\",\"inLanguage\":\"es\",\"@id\":\"https:\\\/\\\/u-intosai.org\\\/es\\\/noticias\\\/la-efs-de-el-salvador-lleva-a-cabo-una-capacitacion-virtual-sobre-sus-funciones\\\/#primaryimage\",\"url\":\"https:\\\/\\\/u-intosai.org\\\/wp-content\\\/uploads\\\/2021\\\/05\\\/EzHOjnzXAAM34567KS-i-1200x400.jpg\",\"contentUrl\":\"https:\\\/\\\/u-intosai.org\\\/wp-content\\\/uploads\\\/2021\\\/05\\\/EzHOjnzXAAM34567KS-i-1200x400.jpg\",\"width\":1203,\"height\":401},{\"@type\":\"BreadcrumbList\",\"@id\":\"https:\\\/\\\/u-intosai.org\\\/es\\\/noticias\\\/la-efs-de-el-salvador-lleva-a-cabo-una-capacitacion-virtual-sobre-sus-funciones\\\/#breadcrumb\",\"itemListElement\":[{\"@type\":\"ListItem\",\"position\":1,\"name\":\"U-INTOSAI\",\"item\":\"https:\\\/\\\/u-intosai.org\\\/es\\\/\"},{\"@type\":\"ListItem\",\"position\":2,\"name\":\"LA EFS DE EL SALVADOR LLEVA A CABO UNA CAPACITACI\u00d3N VIRTUAL SOBRE SUS FUNCIONES\"}]},{\"@type\":\"WebSite\",\"@id\":\"https:\\\/\\\/u-intosai.org\\\/es\\\/#website\",\"url\":\"https:\\\/\\\/u-intosai.org\\\/es\\\/\",\"name\":\"U-INTOSAI\",\"description\":\"U-INTOSAI is an open online educational platform for all INTOSAI members created as a unique space for exchanging experience and advanced knowledge.\",\"publisher\":{\"@id\":\"https:\\\/\\\/u-intosai.org\\\/es\\\/#organization\"},\"potentialAction\":[{\"@type\":\"SearchAction\",\"target\":{\"@type\":\"EntryPoint\",\"urlTemplate\":\"https:\\\/\\\/u-intosai.org\\\/es\\\/?s={search_term_string}\"},\"query-input\":{\"@type\":\"PropertyValueSpecification\",\"valueRequired\":true,\"valueName\":\"search_term_string\"}}],\"inLanguage\":\"es\"},{\"@type\":\"Organization\",\"@id\":\"https:\\\/\\\/u-intosai.org\\\/es\\\/#organization\",\"name\":\"U-INTOSAI \u2014 University of INTOSAI\",\"url\":\"https:\\\/\\\/u-intosai.org\\\/es\\\/\",\"logo\":{\"@type\":\"ImageObject\",\"inLanguage\":\"es\",\"@id\":\"https:\\\/\\\/u-intosai.org\\\/es\\\/#\\\/schema\\\/logo\\\/image\\\/\",\"url\":\"https:\\\/\\\/u-intosai.org\\\/wp-content\\\/uploads\\\/2021\\\/08\\\/miniu-intosai-logo.png\",\"contentUrl\":\"https:\\\/\\\/u-intosai.org\\\/wp-content\\\/uploads\\\/2021\\\/08\\\/miniu-intosai-logo.png\",\"width\":1000,\"height\":479,\"caption\":\"U-INTOSAI \u2014 University of INTOSAI\"},\"image\":{\"@id\":\"https:\\\/\\\/u-intosai.org\\\/es\\\/#\\\/schema\\\/logo\\\/image\\\/\"},\"sameAs\":[\"https:\\\/\\\/x.com\\\/Incosai2019\",\"https:\\\/\\\/www.youtube.com\\\/channel\\\/UCjD--8sXtgxoPrxRQ_rz5GQ\"]},{\"@type\":\"Person\",\"@id\":\"https:\\\/\\\/u-intosai.org\\\/es\\\/#\\\/schema\\\/person\\\/276b1994bac66751c442569957685eb9\",\"name\":\"SAI Russia\",\"image\":{\"@type\":\"ImageObject\",\"inLanguage\":\"es\",\"@id\":\"https:\\\/\\\/secure.gravatar.com\\\/avatar\\\/415fc3be9d9e6984ce7441407bb44d881ebcceeb68d06a2b0665eb510ae854a6?s=96&d=mm&r=g\",\"url\":\"https:\\\/\\\/secure.gravatar.com\\\/avatar\\\/415fc3be9d9e6984ce7441407bb44d881ebcceeb68d06a2b0665eb510ae854a6?s=96&d=mm&r=g\",\"contentUrl\":\"https:\\\/\\\/secure.gravatar.com\\\/avatar\\\/415fc3be9d9e6984ce7441407bb44d881ebcceeb68d06a2b0665eb510ae854a6?s=96&d=mm&r=g\",\"caption\":\"SAI Russia\"},\"url\":\"https:\\\/\\\/u-intosai.org\\\/es\\\/author\\\/gorbunoff\\\/\"}]}<\/script>\n<!-- \/ Yoast SEO plugin. -->","yoast_head_json":{"title":"LA EFS DE EL SALVADOR LLEVA A CABO UNA CAPACITACI\u00d3N VIRTUAL SOBRE SUS FUNCIONES | U-INTOSAI","description":"LA EFS DE EL SALVADOR LLEVA A CABO UNA CAPACITACI\u00d3N VIRTUAL SOBRE SUS FUNCIONES","robots":{"index":"index","follow":"follow","max-snippet":"max-snippet:-1","max-image-preview":"max-image-preview:large","max-video-preview":"max-video-preview:-1"},"canonical":"https:\/\/u-intosai.org\/es\/noticias\/la-efs-de-el-salvador-lleva-a-cabo-una-capacitacion-virtual-sobre-sus-funciones\/","og_locale":"es_ES","og_type":"article","og_title":"LA EFS DE EL SALVADOR LLEVA A CABO UNA CAPACITACI\u00d3N VIRTUAL SOBRE SUS FUNCIONES | U-INTOSAI","og_description":"LA EFS DE EL SALVADOR LLEVA A CABO UNA CAPACITACI\u00d3N VIRTUAL SOBRE SUS FUNCIONES","og_url":"https:\/\/u-intosai.org\/es\/noticias\/la-efs-de-el-salvador-lleva-a-cabo-una-capacitacion-virtual-sobre-sus-funciones\/","og_site_name":"U-INTOSAI","article_published_time":"2021-05-24T16:45:27+00:00","article_modified_time":"2021-07-01T16:46:18+00:00","og_image":[{"width":1203,"height":401,"url":"https:\/\/u-intosai.org\/wp-content\/uploads\/2021\/05\/EzHOjnzXAAM34567KS-i-1200x400.jpg","type":"image\/jpeg"}],"author":"SAI Russia","twitter_card":"summary_large_image","twitter_creator":"@Incosai2019","twitter_site":"@Incosai2019","twitter_misc":{"Escrito por":"SAI Russia","Tiempo de lectura":"1 minuto"},"schema":{"@context":"https:\/\/schema.org","@graph":[{"@type":"Article","@id":"https:\/\/u-intosai.org\/es\/noticias\/la-efs-de-el-salvador-lleva-a-cabo-una-capacitacion-virtual-sobre-sus-funciones\/#article","isPartOf":{"@id":"https:\/\/u-intosai.org\/es\/noticias\/la-efs-de-el-salvador-lleva-a-cabo-una-capacitacion-virtual-sobre-sus-funciones\/"},"author":{"name":"SAI Russia","@id":"https:\/\/u-intosai.org\/es\/#\/schema\/person\/276b1994bac66751c442569957685eb9"},"headline":"LA EFS DE EL SALVADOR LLEVA A CABO UNA CAPACITACI\u00d3N VIRTUAL SOBRE SUS FUNCIONES","datePublished":"2021-05-24T16:45:27+00:00","dateModified":"2021-07-01T16:46:18+00:00","mainEntityOfPage":{"@id":"https:\/\/u-intosai.org\/es\/noticias\/la-efs-de-el-salvador-lleva-a-cabo-una-capacitacion-virtual-sobre-sus-funciones\/"},"wordCount":181,"commentCount":0,"publisher":{"@id":"https:\/\/u-intosai.org\/es\/#organization"},"image":{"@id":"https:\/\/u-intosai.org\/es\/noticias\/la-efs-de-el-salvador-lleva-a-cabo-una-capacitacion-virtual-sobre-sus-funciones\/#primaryimage"},"thumbnailUrl":"https:\/\/u-intosai.org\/wp-content\/uploads\/2021\/05\/EzHOjnzXAAM34567KS-i-1200x400.jpg","articleSection":["Noticias"],"inLanguage":"es"},{"@type":"WebPage","@id":"https:\/\/u-intosai.org\/es\/noticias\/la-efs-de-el-salvador-lleva-a-cabo-una-capacitacion-virtual-sobre-sus-funciones\/","url":"https:\/\/u-intosai.org\/es\/noticias\/la-efs-de-el-salvador-lleva-a-cabo-una-capacitacion-virtual-sobre-sus-funciones\/","name":"LA EFS DE EL SALVADOR LLEVA A CABO UNA CAPACITACI\u00d3N VIRTUAL SOBRE SUS FUNCIONES | U-INTOSAI","isPartOf":{"@id":"https:\/\/u-intosai.org\/es\/#website"},"primaryImageOfPage":{"@id":"https:\/\/u-intosai.org\/es\/noticias\/la-efs-de-el-salvador-lleva-a-cabo-una-capacitacion-virtual-sobre-sus-funciones\/#primaryimage"},"image":{"@id":"https:\/\/u-intosai.org\/es\/noticias\/la-efs-de-el-salvador-lleva-a-cabo-una-capacitacion-virtual-sobre-sus-funciones\/#primaryimage"},"thumbnailUrl":"https:\/\/u-intosai.org\/wp-content\/uploads\/2021\/05\/EzHOjnzXAAM34567KS-i-1200x400.jpg","datePublished":"2021-05-24T16:45:27+00:00","dateModified":"2021-07-01T16:46:18+00:00","description":"LA EFS DE EL SALVADOR LLEVA A CABO UNA CAPACITACI\u00d3N VIRTUAL SOBRE SUS FUNCIONES","breadcrumb":{"@id":"https:\/\/u-intosai.org\/es\/noticias\/la-efs-de-el-salvador-lleva-a-cabo-una-capacitacion-virtual-sobre-sus-funciones\/#breadcrumb"},"inLanguage":"es","potentialAction":[{"@type":"ReadAction","target":["https:\/\/u-intosai.org\/es\/noticias\/la-efs-de-el-salvador-lleva-a-cabo-una-capacitacion-virtual-sobre-sus-funciones\/"]}]},{"@type":"ImageObject","inLanguage":"es","@id":"https:\/\/u-intosai.org\/es\/noticias\/la-efs-de-el-salvador-lleva-a-cabo-una-capacitacion-virtual-sobre-sus-funciones\/#primaryimage","url":"https:\/\/u-intosai.org\/wp-content\/uploads\/2021\/05\/EzHOjnzXAAM34567KS-i-1200x400.jpg","contentUrl":"https:\/\/u-intosai.org\/wp-content\/uploads\/2021\/05\/EzHOjnzXAAM34567KS-i-1200x400.jpg","width":1203,"height":401},{"@type":"BreadcrumbList","@id":"https:\/\/u-intosai.org\/es\/noticias\/la-efs-de-el-salvador-lleva-a-cabo-una-capacitacion-virtual-sobre-sus-funciones\/#breadcrumb","itemListElement":[{"@type":"ListItem","position":1,"name":"U-INTOSAI","item":"https:\/\/u-intosai.org\/es\/"},{"@type":"ListItem","position":2,"name":"LA EFS DE EL SALVADOR LLEVA A CABO UNA CAPACITACI\u00d3N VIRTUAL SOBRE SUS FUNCIONES"}]},{"@type":"WebSite","@id":"https:\/\/u-intosai.org\/es\/#website","url":"https:\/\/u-intosai.org\/es\/","name":"U-INTOSAI","description":"U-INTOSAI is an open online educational platform for all INTOSAI members created as a unique space for exchanging experience and advanced knowledge.","publisher":{"@id":"https:\/\/u-intosai.org\/es\/#organization"},"potentialAction":[{"@type":"SearchAction","target":{"@type":"EntryPoint","urlTemplate":"https:\/\/u-intosai.org\/es\/?s={search_term_string}"},"query-input":{"@type":"PropertyValueSpecification","valueRequired":true,"valueName":"search_term_string"}}],"inLanguage":"es"},{"@type":"Organization","@id":"https:\/\/u-intosai.org\/es\/#organization","name":"U-INTOSAI \u2014 University of INTOSAI","url":"https:\/\/u-intosai.org\/es\/","logo":{"@type":"ImageObject","inLanguage":"es","@id":"https:\/\/u-intosai.org\/es\/#\/schema\/logo\/image\/","url":"https:\/\/u-intosai.org\/wp-content\/uploads\/2021\/08\/miniu-intosai-logo.png","contentUrl":"https:\/\/u-intosai.org\/wp-content\/uploads\/2021\/08\/miniu-intosai-logo.png","width":1000,"height":479,"caption":"U-INTOSAI \u2014 University of INTOSAI"},"image":{"@id":"https:\/\/u-intosai.org\/es\/#\/schema\/logo\/image\/"},"sameAs":["https:\/\/x.com\/Incosai2019","https:\/\/www.youtube.com\/channel\/UCjD--8sXtgxoPrxRQ_rz5GQ"]},{"@type":"Person","@id":"https:\/\/u-intosai.org\/es\/#\/schema\/person\/276b1994bac66751c442569957685eb9","name":"SAI Russia","image":{"@type":"ImageObject","inLanguage":"es","@id":"https:\/\/secure.gravatar.com\/avatar\/415fc3be9d9e6984ce7441407bb44d881ebcceeb68d06a2b0665eb510ae854a6?s=96&d=mm&r=g","url":"https:\/\/secure.gravatar.com\/avatar\/415fc3be9d9e6984ce7441407bb44d881ebcceeb68d06a2b0665eb510ae854a6?s=96&d=mm&r=g","contentUrl":"https:\/\/secure.gravatar.com\/avatar\/415fc3be9d9e6984ce7441407bb44d881ebcceeb68d06a2b0665eb510ae854a6?s=96&d=mm&r=g","caption":"SAI Russia"},"url":"https:\/\/u-intosai.org\/es\/author\/gorbunoff\/"}]}},"_links":{"self":[{"href":"https:\/\/u-intosai.org\/es\/wp-json\/wp\/v2\/posts\/6965","targetHints":{"allow":["GET"]}}],"collection":[{"href":"https:\/\/u-intosai.org\/es\/wp-json\/wp\/v2\/posts"}],"about":[{"href":"https:\/\/u-intosai.org\/es\/wp-json\/wp\/v2\/types\/post"}],"author":[{"embeddable":true,"href":"https:\/\/u-intosai.org\/es\/wp-json\/wp\/v2\/users\/1"}],"replies":[{"embeddable":true,"href":"https:\/\/u-intosai.org\/es\/wp-json\/wp\/v2\/comments?post=6965"}],"version-history":[{"count":5,"href":"https:\/\/u-intosai.org\/es\/wp-json\/wp\/v2\/posts\/6965\/revisions"}],"predecessor-version":[{"id":6971,"href":"https:\/\/u-intosai.org\/es\/wp-json\/wp\/v2\/posts\/6965\/revisions\/6971"}],"wp:featuredmedia":[{"embeddable":true,"href":"https:\/\/u-intosai.org\/es\/wp-json\/wp\/v2\/media\/6966"}],"wp:attachment":[{"href":"https:\/\/u-intosai.org\/es\/wp-json\/wp\/v2\/media?parent=6965"}],"wp:term":[{"taxonomy":"category","embeddable":true,"href":"https:\/\/u-intosai.org\/es\/wp-json\/wp\/v2\/categories?post=6965"},{"taxonomy":"post_tag","embeddable":true,"href":"https:\/\/u-intosai.org\/es\/wp-json\/wp\/v2\/tags?post=6965"}],"curies":[{"name":"wp","href":"https:\/\/api.w.org\/{rel}","templated":true}]}}