{"id":7072,"date":"2021-07-12T16:55:09","date_gmt":"2021-07-12T16:55:09","guid":{"rendered":"https:\/\/u-intosai.org\/sin-categorizar\/la-efs-de-el-salvador-lanza-con-exito-un-nuevo-programa-educativo-del-control-interno\/"},"modified":"2021-07-14T16:55:27","modified_gmt":"2021-07-14T16:55:27","slug":"la-efs-de-el-salvador-lanza-con-exito-un-nuevo-programa-educativo-del-control-interno","status":"publish","type":"post","link":"https:\/\/u-intosai.org\/es\/noticias\/la-efs-de-el-salvador-lanza-con-exito-un-nuevo-programa-educativo-del-control-interno\/","title":{"rendered":"La EFS de El Salvador lanza con \u00e9xito un nuevo programa educativo del Control Interno"},"content":{"rendered":"<p>La Corte de Cuentas de El Salvador elabor\u00f3 un programa educativo \u201cControl Interno en la Administraci\u00f3n Municipal\u201d dirigido a miembros y personal administrativo de Consejos Municipales que hab\u00edan asumido sus cargos el 1 de mayo.<\/p>\n<p>Los participantes del programa tendr\u00e1n una oportunidad de estudiar los aspectos normativos y t\u00e9cnicos del servicio que les permitir\u00e1 ejecutar sus obligaciones con eficaz manteniendo la transparencia.<\/p>\n<p><a href=\"https:\/\/www.cortedecuentas.gob.sv\/index.php\/es\/noticias\" target=\"_blank\" rel=\"noopener\">M\u00e1s informaci\u00f3n<\/a><\/p>\n","protected":false},"excerpt":{"rendered":"<p>La Corte de Cuentas de El Salvador elabor\u00f3 un programa educativo \u201cControl Interno en la Administraci\u00f3n Municipal\u201d dirigido a miembros y personal administrativo de Consejos Municipales que hab\u00edan asumido sus cargos el 1 de mayo. Los participantes del programa tendr\u00e1n una oportunidad de estudiar los aspectos normativos y t\u00e9cnicos del servicio que les permitir\u00e1 ejecutar [&hellip;]<\/p>\n","protected":false},"author":1,"featured_media":7069,"comment_status":"open","ping_status":"open","sticky":false,"template":"","format":"standard","meta":{"_acf_changed":false,"pmpro_default_level":"","footnotes":""},"categories":[272],"tags":[],"class_list":["post-7072","post","type-post","status-publish","format-standard","has-post-thumbnail","hentry","category-noticias","pmpro-has-access"],"acf":[],"yoast_head":"<!-- This site is optimized with the Yoast SEO plugin v27.4 - https:\/\/yoast.com\/product\/yoast-seo-wordpress\/ -->\n<title>La EFS de El Salvador lanza con \u00e9xito un nuevo programa educativo del Control Interno | U-INTOSAI<\/title>\n<meta name=\"description\" content=\"La EFS de El Salvador lanza con \u00e9xito un nuevo programa educativo del Control Interno\" \/>\n<meta name=\"robots\" content=\"index, follow, max-snippet:-1, max-image-preview:large, max-video-preview:-1\" \/>\n<link rel=\"canonical\" href=\"https:\/\/u-intosai.org\/es\/noticias\/la-efs-de-el-salvador-lanza-con-exito-un-nuevo-programa-educativo-del-control-interno\/\" \/>\n<meta property=\"og:locale\" content=\"es_ES\" \/>\n<meta property=\"og:type\" content=\"article\" \/>\n<meta property=\"og:title\" content=\"La EFS de El Salvador lanza con \u00e9xito un nuevo programa educativo del Control Interno | U-INTOSAI\" \/>\n<meta property=\"og:description\" content=\"La EFS de El Salvador lanza con \u00e9xito un nuevo programa educativo del Control Interno\" \/>\n<meta property=\"og:url\" content=\"https:\/\/u-intosai.org\/es\/noticias\/la-efs-de-el-salvador-lanza-con-exito-un-nuevo-programa-educativo-del-control-interno\/\" \/>\n<meta property=\"og:site_name\" content=\"U-INTOSAI\" \/>\n<meta property=\"article:published_time\" content=\"2021-07-12T16:55:09+00:00\" \/>\n<meta property=\"article:modified_time\" content=\"2021-07-14T16:55:27+00:00\" \/>\n<meta property=\"og:image\" content=\"https:\/\/u-intosai.org\/wp-content\/uploads\/2021\/07\/salvador-el-salvador.jpg\" \/>\n\t<meta property=\"og:image:width\" content=\"1920\" \/>\n\t<meta property=\"og:image:height\" content=\"1080\" \/>\n\t<meta property=\"og:image:type\" content=\"image\/jpeg\" \/>\n<meta name=\"author\" content=\"SAI Russia\" \/>\n<meta name=\"twitter:card\" content=\"summary_large_image\" \/>\n<meta name=\"twitter:creator\" content=\"@Incosai2019\" \/>\n<meta name=\"twitter:site\" content=\"@Incosai2019\" \/>\n<meta name=\"twitter:label1\" content=\"Escrito por\" \/>\n\t<meta name=\"twitter:data1\" content=\"SAI Russia\" \/>\n<script type=\"application\/ld+json\" class=\"yoast-schema-graph\">{\"@context\":\"https:\\\/\\\/schema.org\",\"@graph\":[{\"@type\":\"Article\",\"@id\":\"https:\\\/\\\/u-intosai.org\\\/es\\\/noticias\\\/la-efs-de-el-salvador-lanza-con-exito-un-nuevo-programa-educativo-del-control-interno\\\/#article\",\"isPartOf\":{\"@id\":\"https:\\\/\\\/u-intosai.org\\\/es\\\/noticias\\\/la-efs-de-el-salvador-lanza-con-exito-un-nuevo-programa-educativo-del-control-interno\\\/\"},\"author\":{\"name\":\"SAI Russia\",\"@id\":\"https:\\\/\\\/u-intosai.org\\\/es\\\/#\\\/schema\\\/person\\\/276b1994bac66751c442569957685eb9\"},\"headline\":\"La EFS de El Salvador lanza con \u00e9xito un nuevo programa educativo del Control Interno\",\"datePublished\":\"2021-07-12T16:55:09+00:00\",\"dateModified\":\"2021-07-14T16:55:27+00:00\",\"mainEntityOfPage\":{\"@id\":\"https:\\\/\\\/u-intosai.org\\\/es\\\/noticias\\\/la-efs-de-el-salvador-lanza-con-exito-un-nuevo-programa-educativo-del-control-interno\\\/\"},\"wordCount\":84,\"commentCount\":0,\"publisher\":{\"@id\":\"https:\\\/\\\/u-intosai.org\\\/es\\\/#organization\"},\"image\":{\"@id\":\"https:\\\/\\\/u-intosai.org\\\/es\\\/noticias\\\/la-efs-de-el-salvador-lanza-con-exito-un-nuevo-programa-educativo-del-control-interno\\\/#primaryimage\"},\"thumbnailUrl\":\"https:\\\/\\\/u-intosai.org\\\/wp-content\\\/uploads\\\/2021\\\/07\\\/salvador-el-salvador.jpg\",\"articleSection\":[\"Noticias\"],\"inLanguage\":\"es\"},{\"@type\":\"WebPage\",\"@id\":\"https:\\\/\\\/u-intosai.org\\\/es\\\/noticias\\\/la-efs-de-el-salvador-lanza-con-exito-un-nuevo-programa-educativo-del-control-interno\\\/\",\"url\":\"https:\\\/\\\/u-intosai.org\\\/es\\\/noticias\\\/la-efs-de-el-salvador-lanza-con-exito-un-nuevo-programa-educativo-del-control-interno\\\/\",\"name\":\"La EFS de El Salvador lanza con \u00e9xito un nuevo programa educativo del Control Interno | U-INTOSAI\",\"isPartOf\":{\"@id\":\"https:\\\/\\\/u-intosai.org\\\/es\\\/#website\"},\"primaryImageOfPage\":{\"@id\":\"https:\\\/\\\/u-intosai.org\\\/es\\\/noticias\\\/la-efs-de-el-salvador-lanza-con-exito-un-nuevo-programa-educativo-del-control-interno\\\/#primaryimage\"},\"image\":{\"@id\":\"https:\\\/\\\/u-intosai.org\\\/es\\\/noticias\\\/la-efs-de-el-salvador-lanza-con-exito-un-nuevo-programa-educativo-del-control-interno\\\/#primaryimage\"},\"thumbnailUrl\":\"https:\\\/\\\/u-intosai.org\\\/wp-content\\\/uploads\\\/2021\\\/07\\\/salvador-el-salvador.jpg\",\"datePublished\":\"2021-07-12T16:55:09+00:00\",\"dateModified\":\"2021-07-14T16:55:27+00:00\",\"description\":\"La EFS de El Salvador lanza con \u00e9xito un nuevo programa educativo del Control Interno\",\"breadcrumb\":{\"@id\":\"https:\\\/\\\/u-intosai.org\\\/es\\\/noticias\\\/la-efs-de-el-salvador-lanza-con-exito-un-nuevo-programa-educativo-del-control-interno\\\/#breadcrumb\"},\"inLanguage\":\"es\",\"potentialAction\":[{\"@type\":\"ReadAction\",\"target\":[\"https:\\\/\\\/u-intosai.org\\\/es\\\/noticias\\\/la-efs-de-el-salvador-lanza-con-exito-un-nuevo-programa-educativo-del-control-interno\\\/\"]}]},{\"@type\":\"ImageObject\",\"inLanguage\":\"es\",\"@id\":\"https:\\\/\\\/u-intosai.org\\\/es\\\/noticias\\\/la-efs-de-el-salvador-lanza-con-exito-un-nuevo-programa-educativo-del-control-interno\\\/#primaryimage\",\"url\":\"https:\\\/\\\/u-intosai.org\\\/wp-content\\\/uploads\\\/2021\\\/07\\\/salvador-el-salvador.jpg\",\"contentUrl\":\"https:\\\/\\\/u-intosai.org\\\/wp-content\\\/uploads\\\/2021\\\/07\\\/salvador-el-salvador.jpg\",\"width\":1920,\"height\":1080,\"caption\":\"Plaza Libertad in downtown San Salvador is famous for the location of the Monumento de los Heroes or Monument to the Heroes. The domed Metropolitan Cathedral to the Holy Savior is in the background with the San Salvador Volcano and its famous prominent peak, El Picacho.\"},{\"@type\":\"BreadcrumbList\",\"@id\":\"https:\\\/\\\/u-intosai.org\\\/es\\\/noticias\\\/la-efs-de-el-salvador-lanza-con-exito-un-nuevo-programa-educativo-del-control-interno\\\/#breadcrumb\",\"itemListElement\":[{\"@type\":\"ListItem\",\"position\":1,\"name\":\"U-INTOSAI\",\"item\":\"https:\\\/\\\/u-intosai.org\\\/es\\\/\"},{\"@type\":\"ListItem\",\"position\":2,\"name\":\"La EFS de El Salvador lanza con \u00e9xito un nuevo programa educativo del Control Interno\"}]},{\"@type\":\"WebSite\",\"@id\":\"https:\\\/\\\/u-intosai.org\\\/es\\\/#website\",\"url\":\"https:\\\/\\\/u-intosai.org\\\/es\\\/\",\"name\":\"U-INTOSAI\",\"description\":\"U-INTOSAI is an open online educational platform for all INTOSAI members created as a unique space for exchanging experience and advanced knowledge.\",\"publisher\":{\"@id\":\"https:\\\/\\\/u-intosai.org\\\/es\\\/#organization\"},\"potentialAction\":[{\"@type\":\"SearchAction\",\"target\":{\"@type\":\"EntryPoint\",\"urlTemplate\":\"https:\\\/\\\/u-intosai.org\\\/es\\\/?s={search_term_string}\"},\"query-input\":{\"@type\":\"PropertyValueSpecification\",\"valueRequired\":true,\"valueName\":\"search_term_string\"}}],\"inLanguage\":\"es\"},{\"@type\":\"Organization\",\"@id\":\"https:\\\/\\\/u-intosai.org\\\/es\\\/#organization\",\"name\":\"U-INTOSAI \u2014 University of INTOSAI\",\"url\":\"https:\\\/\\\/u-intosai.org\\\/es\\\/\",\"logo\":{\"@type\":\"ImageObject\",\"inLanguage\":\"es\",\"@id\":\"https:\\\/\\\/u-intosai.org\\\/es\\\/#\\\/schema\\\/logo\\\/image\\\/\",\"url\":\"https:\\\/\\\/u-intosai.org\\\/wp-content\\\/uploads\\\/2021\\\/08\\\/miniu-intosai-logo.png\",\"contentUrl\":\"https:\\\/\\\/u-intosai.org\\\/wp-content\\\/uploads\\\/2021\\\/08\\\/miniu-intosai-logo.png\",\"width\":1000,\"height\":479,\"caption\":\"U-INTOSAI \u2014 University of INTOSAI\"},\"image\":{\"@id\":\"https:\\\/\\\/u-intosai.org\\\/es\\\/#\\\/schema\\\/logo\\\/image\\\/\"},\"sameAs\":[\"https:\\\/\\\/x.com\\\/Incosai2019\",\"https:\\\/\\\/www.youtube.com\\\/channel\\\/UCjD--8sXtgxoPrxRQ_rz5GQ\"]},{\"@type\":\"Person\",\"@id\":\"https:\\\/\\\/u-intosai.org\\\/es\\\/#\\\/schema\\\/person\\\/276b1994bac66751c442569957685eb9\",\"name\":\"SAI Russia\",\"image\":{\"@type\":\"ImageObject\",\"inLanguage\":\"es\",\"@id\":\"https:\\\/\\\/secure.gravatar.com\\\/avatar\\\/415fc3be9d9e6984ce7441407bb44d881ebcceeb68d06a2b0665eb510ae854a6?s=96&d=mm&r=g\",\"url\":\"https:\\\/\\\/secure.gravatar.com\\\/avatar\\\/415fc3be9d9e6984ce7441407bb44d881ebcceeb68d06a2b0665eb510ae854a6?s=96&d=mm&r=g\",\"contentUrl\":\"https:\\\/\\\/secure.gravatar.com\\\/avatar\\\/415fc3be9d9e6984ce7441407bb44d881ebcceeb68d06a2b0665eb510ae854a6?s=96&d=mm&r=g\",\"caption\":\"SAI Russia\"},\"url\":\"https:\\\/\\\/u-intosai.org\\\/es\\\/author\\\/gorbunoff\\\/\"}]}<\/script>\n<!-- \/ Yoast SEO plugin. -->","yoast_head_json":{"title":"La EFS de El Salvador lanza con \u00e9xito un nuevo programa educativo del Control Interno | U-INTOSAI","description":"La EFS de El Salvador lanza con \u00e9xito un nuevo programa educativo del Control Interno","robots":{"index":"index","follow":"follow","max-snippet":"max-snippet:-1","max-image-preview":"max-image-preview:large","max-video-preview":"max-video-preview:-1"},"canonical":"https:\/\/u-intosai.org\/es\/noticias\/la-efs-de-el-salvador-lanza-con-exito-un-nuevo-programa-educativo-del-control-interno\/","og_locale":"es_ES","og_type":"article","og_title":"La EFS de El Salvador lanza con \u00e9xito un nuevo programa educativo del Control Interno | U-INTOSAI","og_description":"La EFS de El Salvador lanza con \u00e9xito un nuevo programa educativo del Control Interno","og_url":"https:\/\/u-intosai.org\/es\/noticias\/la-efs-de-el-salvador-lanza-con-exito-un-nuevo-programa-educativo-del-control-interno\/","og_site_name":"U-INTOSAI","article_published_time":"2021-07-12T16:55:09+00:00","article_modified_time":"2021-07-14T16:55:27+00:00","og_image":[{"width":1920,"height":1080,"url":"https:\/\/u-intosai.org\/wp-content\/uploads\/2021\/07\/salvador-el-salvador.jpg","type":"image\/jpeg"}],"author":"SAI Russia","twitter_card":"summary_large_image","twitter_creator":"@Incosai2019","twitter_site":"@Incosai2019","twitter_misc":{"Escrito por":"SAI Russia"},"schema":{"@context":"https:\/\/schema.org","@graph":[{"@type":"Article","@id":"https:\/\/u-intosai.org\/es\/noticias\/la-efs-de-el-salvador-lanza-con-exito-un-nuevo-programa-educativo-del-control-interno\/#article","isPartOf":{"@id":"https:\/\/u-intosai.org\/es\/noticias\/la-efs-de-el-salvador-lanza-con-exito-un-nuevo-programa-educativo-del-control-interno\/"},"author":{"name":"SAI Russia","@id":"https:\/\/u-intosai.org\/es\/#\/schema\/person\/276b1994bac66751c442569957685eb9"},"headline":"La EFS de El Salvador lanza con \u00e9xito un nuevo programa educativo del Control Interno","datePublished":"2021-07-12T16:55:09+00:00","dateModified":"2021-07-14T16:55:27+00:00","mainEntityOfPage":{"@id":"https:\/\/u-intosai.org\/es\/noticias\/la-efs-de-el-salvador-lanza-con-exito-un-nuevo-programa-educativo-del-control-interno\/"},"wordCount":84,"commentCount":0,"publisher":{"@id":"https:\/\/u-intosai.org\/es\/#organization"},"image":{"@id":"https:\/\/u-intosai.org\/es\/noticias\/la-efs-de-el-salvador-lanza-con-exito-un-nuevo-programa-educativo-del-control-interno\/#primaryimage"},"thumbnailUrl":"https:\/\/u-intosai.org\/wp-content\/uploads\/2021\/07\/salvador-el-salvador.jpg","articleSection":["Noticias"],"inLanguage":"es"},{"@type":"WebPage","@id":"https:\/\/u-intosai.org\/es\/noticias\/la-efs-de-el-salvador-lanza-con-exito-un-nuevo-programa-educativo-del-control-interno\/","url":"https:\/\/u-intosai.org\/es\/noticias\/la-efs-de-el-salvador-lanza-con-exito-un-nuevo-programa-educativo-del-control-interno\/","name":"La EFS de El Salvador lanza con \u00e9xito un nuevo programa educativo del Control Interno | U-INTOSAI","isPartOf":{"@id":"https:\/\/u-intosai.org\/es\/#website"},"primaryImageOfPage":{"@id":"https:\/\/u-intosai.org\/es\/noticias\/la-efs-de-el-salvador-lanza-con-exito-un-nuevo-programa-educativo-del-control-interno\/#primaryimage"},"image":{"@id":"https:\/\/u-intosai.org\/es\/noticias\/la-efs-de-el-salvador-lanza-con-exito-un-nuevo-programa-educativo-del-control-interno\/#primaryimage"},"thumbnailUrl":"https:\/\/u-intosai.org\/wp-content\/uploads\/2021\/07\/salvador-el-salvador.jpg","datePublished":"2021-07-12T16:55:09+00:00","dateModified":"2021-07-14T16:55:27+00:00","description":"La EFS de El Salvador lanza con \u00e9xito un nuevo programa educativo del Control Interno","breadcrumb":{"@id":"https:\/\/u-intosai.org\/es\/noticias\/la-efs-de-el-salvador-lanza-con-exito-un-nuevo-programa-educativo-del-control-interno\/#breadcrumb"},"inLanguage":"es","potentialAction":[{"@type":"ReadAction","target":["https:\/\/u-intosai.org\/es\/noticias\/la-efs-de-el-salvador-lanza-con-exito-un-nuevo-programa-educativo-del-control-interno\/"]}]},{"@type":"ImageObject","inLanguage":"es","@id":"https:\/\/u-intosai.org\/es\/noticias\/la-efs-de-el-salvador-lanza-con-exito-un-nuevo-programa-educativo-del-control-interno\/#primaryimage","url":"https:\/\/u-intosai.org\/wp-content\/uploads\/2021\/07\/salvador-el-salvador.jpg","contentUrl":"https:\/\/u-intosai.org\/wp-content\/uploads\/2021\/07\/salvador-el-salvador.jpg","width":1920,"height":1080,"caption":"Plaza Libertad in downtown San Salvador is famous for the location of the Monumento de los Heroes or Monument to the Heroes. The domed Metropolitan Cathedral to the Holy Savior is in the background with the San Salvador Volcano and its famous prominent peak, El Picacho."},{"@type":"BreadcrumbList","@id":"https:\/\/u-intosai.org\/es\/noticias\/la-efs-de-el-salvador-lanza-con-exito-un-nuevo-programa-educativo-del-control-interno\/#breadcrumb","itemListElement":[{"@type":"ListItem","position":1,"name":"U-INTOSAI","item":"https:\/\/u-intosai.org\/es\/"},{"@type":"ListItem","position":2,"name":"La EFS de El Salvador lanza con \u00e9xito un nuevo programa educativo del Control Interno"}]},{"@type":"WebSite","@id":"https:\/\/u-intosai.org\/es\/#website","url":"https:\/\/u-intosai.org\/es\/","name":"U-INTOSAI","description":"U-INTOSAI is an open online educational platform for all INTOSAI members created as a unique space for exchanging experience and advanced knowledge.","publisher":{"@id":"https:\/\/u-intosai.org\/es\/#organization"},"potentialAction":[{"@type":"SearchAction","target":{"@type":"EntryPoint","urlTemplate":"https:\/\/u-intosai.org\/es\/?s={search_term_string}"},"query-input":{"@type":"PropertyValueSpecification","valueRequired":true,"valueName":"search_term_string"}}],"inLanguage":"es"},{"@type":"Organization","@id":"https:\/\/u-intosai.org\/es\/#organization","name":"U-INTOSAI \u2014 University of INTOSAI","url":"https:\/\/u-intosai.org\/es\/","logo":{"@type":"ImageObject","inLanguage":"es","@id":"https:\/\/u-intosai.org\/es\/#\/schema\/logo\/image\/","url":"https:\/\/u-intosai.org\/wp-content\/uploads\/2021\/08\/miniu-intosai-logo.png","contentUrl":"https:\/\/u-intosai.org\/wp-content\/uploads\/2021\/08\/miniu-intosai-logo.png","width":1000,"height":479,"caption":"U-INTOSAI \u2014 University of INTOSAI"},"image":{"@id":"https:\/\/u-intosai.org\/es\/#\/schema\/logo\/image\/"},"sameAs":["https:\/\/x.com\/Incosai2019","https:\/\/www.youtube.com\/channel\/UCjD--8sXtgxoPrxRQ_rz5GQ"]},{"@type":"Person","@id":"https:\/\/u-intosai.org\/es\/#\/schema\/person\/276b1994bac66751c442569957685eb9","name":"SAI Russia","image":{"@type":"ImageObject","inLanguage":"es","@id":"https:\/\/secure.gravatar.com\/avatar\/415fc3be9d9e6984ce7441407bb44d881ebcceeb68d06a2b0665eb510ae854a6?s=96&d=mm&r=g","url":"https:\/\/secure.gravatar.com\/avatar\/415fc3be9d9e6984ce7441407bb44d881ebcceeb68d06a2b0665eb510ae854a6?s=96&d=mm&r=g","contentUrl":"https:\/\/secure.gravatar.com\/avatar\/415fc3be9d9e6984ce7441407bb44d881ebcceeb68d06a2b0665eb510ae854a6?s=96&d=mm&r=g","caption":"SAI Russia"},"url":"https:\/\/u-intosai.org\/es\/author\/gorbunoff\/"}]}},"_links":{"self":[{"href":"https:\/\/u-intosai.org\/es\/wp-json\/wp\/v2\/posts\/7072","targetHints":{"allow":["GET"]}}],"collection":[{"href":"https:\/\/u-intosai.org\/es\/wp-json\/wp\/v2\/posts"}],"about":[{"href":"https:\/\/u-intosai.org\/es\/wp-json\/wp\/v2\/types\/post"}],"author":[{"embeddable":true,"href":"https:\/\/u-intosai.org\/es\/wp-json\/wp\/v2\/users\/1"}],"replies":[{"embeddable":true,"href":"https:\/\/u-intosai.org\/es\/wp-json\/wp\/v2\/comments?post=7072"}],"version-history":[{"count":1,"href":"https:\/\/u-intosai.org\/es\/wp-json\/wp\/v2\/posts\/7072\/revisions"}],"predecessor-version":[{"id":7073,"href":"https:\/\/u-intosai.org\/es\/wp-json\/wp\/v2\/posts\/7072\/revisions\/7073"}],"wp:featuredmedia":[{"embeddable":true,"href":"https:\/\/u-intosai.org\/es\/wp-json\/wp\/v2\/media\/7069"}],"wp:attachment":[{"href":"https:\/\/u-intosai.org\/es\/wp-json\/wp\/v2\/media?parent=7072"}],"wp:term":[{"taxonomy":"category","embeddable":true,"href":"https:\/\/u-intosai.org\/es\/wp-json\/wp\/v2\/categories?post=7072"},{"taxonomy":"post_tag","embeddable":true,"href":"https:\/\/u-intosai.org\/es\/wp-json\/wp\/v2\/tags?post=7072"}],"curies":[{"name":"wp","href":"https:\/\/api.w.org\/{rel}","templated":true}]}}