{"id":41557,"date":"2023-10-23T17:34:38","date_gmt":"2023-10-23T14:34:38","guid":{"rendered":"https:\/\/u-intosai.org\/sem-categoria\/dvustoronnyaya-vstrecha-voa-slovenii-i-chernogorii\/"},"modified":"2023-12-27T12:26:22","modified_gmt":"2023-12-27T09:26:22","slug":"reuniao-bilateral-das-sai-da-eslovenia-e-do-montenegro","status":"publish","type":"post","link":"https:\/\/u-intosai.org\/pt-pt\/noticia\/reuniao-bilateral-das-sai-da-eslovenia-e-do-montenegro\/","title":{"rendered":"Reuni\u00e3o bilateral das SAI da Eslov\u00e9nia e do Montenegro"},"content":{"rendered":"<p>A delega\u00e7\u00e3o da SAI do Montenegro <a href=\"https:\/\/dri.co.me\/aktuelnost\/bilateralna-posjeta-racunskom-sudu-republike-slovenije\">realizou<\/a> uma visita bilateral a SAI da Eslov\u00e9nia em Ljubljana.<\/p>\n<p>Durante a visita, os representantes da SAI do Montenegro trocaram experi\u00eancias com os colegas da SAI da Eslov\u00e9nia no que respeita \u00e0 auditoria dos relat\u00f3rios financeiros anuais das entidades pol\u00edticas, \u00e0 auditoria dos organismos aut\u00f3nomos locais, bem como \u00e0s formas de preparar o relat\u00f3rio anual e de comunicar os resultados da auditoria ao p\u00fablico.<\/p>\n","protected":false},"excerpt":{"rendered":"<p>A delega\u00e7\u00e3o da SAI do Montenegro realizou uma visita bilateral a SAI da Eslov\u00e9nia em Ljubljana. Durante a visita, os representantes da SAI do Montenegro trocaram experi\u00eancias com os colegas da SAI da Eslov\u00e9nia no que respeita \u00e0 auditoria dos relat\u00f3rios financeiros anuais das entidades pol\u00edticas, \u00e0 auditoria dos organismos aut\u00f3nomos locais, bem como \u00e0s [&hellip;]<\/p>\n","protected":false},"author":206,"featured_media":37697,"comment_status":"open","ping_status":"open","sticky":false,"template":"","format":"standard","meta":{"_acf_changed":false,"pmpro_default_level":"","footnotes":""},"categories":[652],"tags":[774,1677,1439],"class_list":["post-41557","post","type-post","status-publish","format-standard","has-post-thumbnail","hentry","category-noticia","tag-parceria","tag-sai-eslovenia","tag-sai-montenegro-pt-pt","pmpro-has-access"],"acf":[],"yoast_head":"<!-- This site is optimized with the Yoast SEO plugin v27.4 - https:\/\/yoast.com\/product\/yoast-seo-wordpress\/ -->\n<title>Reuni\u00e3o bilateral das SAI da Eslov\u00e9nia e do Montenegro | U-INTOSAI<\/title>\n<meta name=\"description\" content=\"Reuni\u00e3o bilateral das SAI da Eslov\u00e9nia e do Montenegro\" \/>\n<meta name=\"robots\" content=\"index, follow, max-snippet:-1, max-image-preview:large, max-video-preview:-1\" \/>\n<link rel=\"canonical\" href=\"https:\/\/u-intosai.org\/pt-pt\/noticia\/reuniao-bilateral-das-sai-da-eslovenia-e-do-montenegro\/\" \/>\n<meta property=\"og:locale\" content=\"pt_PT\" \/>\n<meta property=\"og:type\" content=\"article\" \/>\n<meta property=\"og:title\" content=\"Reuni\u00e3o bilateral das SAI da Eslov\u00e9nia e do Montenegro | U-INTOSAI\" \/>\n<meta property=\"og:description\" content=\"Reuni\u00e3o bilateral das SAI da Eslov\u00e9nia e do Montenegro\" \/>\n<meta property=\"og:url\" content=\"https:\/\/u-intosai.org\/pt-pt\/noticia\/reuniao-bilateral-das-sai-da-eslovenia-e-do-montenegro\/\" \/>\n<meta property=\"og:site_name\" content=\"U-INTOSAI\" \/>\n<meta property=\"article:published_time\" content=\"2023-10-23T14:34:38+00:00\" \/>\n<meta property=\"article:modified_time\" content=\"2023-12-27T09:26:22+00:00\" \/>\n<meta property=\"og:image\" content=\"https:\/\/u-intosai.org\/wp-content\/uploads\/2023\/12\/dsfzcd.jpg\" \/>\n\t<meta property=\"og:image:width\" content=\"741\" \/>\n\t<meta property=\"og:image:height\" content=\"542\" \/>\n\t<meta property=\"og:image:type\" content=\"image\/jpeg\" \/>\n<meta name=\"author\" content=\"SAI Russia\" \/>\n<meta name=\"twitter:card\" content=\"summary_large_image\" \/>\n<meta name=\"twitter:creator\" content=\"@Incosai2019\" \/>\n<meta name=\"twitter:site\" content=\"@Incosai2019\" \/>\n<meta name=\"twitter:label1\" content=\"Escrito por\" \/>\n\t<meta name=\"twitter:data1\" content=\"SAI Russia\" \/>\n<script type=\"application\/ld+json\" class=\"yoast-schema-graph\">{\"@context\":\"https:\\\/\\\/schema.org\",\"@graph\":[{\"@type\":\"Article\",\"@id\":\"https:\\\/\\\/u-intosai.org\\\/pt-pt\\\/noticia\\\/reuniao-bilateral-das-sai-da-eslovenia-e-do-montenegro\\\/#article\",\"isPartOf\":{\"@id\":\"https:\\\/\\\/u-intosai.org\\\/pt-pt\\\/noticia\\\/reuniao-bilateral-das-sai-da-eslovenia-e-do-montenegro\\\/\"},\"author\":{\"name\":\"SAI Russia\",\"@id\":\"https:\\\/\\\/u-intosai.org\\\/pt-pt\\\/#\\\/schema\\\/person\\\/5b8e90b43056f89f1f723dff8ecf21c6\"},\"headline\":\"Reuni\u00e3o bilateral das SAI da Eslov\u00e9nia e do Montenegro\",\"datePublished\":\"2023-10-23T14:34:38+00:00\",\"dateModified\":\"2023-12-27T09:26:22+00:00\",\"mainEntityOfPage\":{\"@id\":\"https:\\\/\\\/u-intosai.org\\\/pt-pt\\\/noticia\\\/reuniao-bilateral-das-sai-da-eslovenia-e-do-montenegro\\\/\"},\"wordCount\":88,\"commentCount\":0,\"publisher\":{\"@id\":\"https:\\\/\\\/u-intosai.org\\\/pt-pt\\\/#organization\"},\"image\":{\"@id\":\"https:\\\/\\\/u-intosai.org\\\/pt-pt\\\/noticia\\\/reuniao-bilateral-das-sai-da-eslovenia-e-do-montenegro\\\/#primaryimage\"},\"thumbnailUrl\":\"https:\\\/\\\/u-intosai.org\\\/wp-content\\\/uploads\\\/2023\\\/12\\\/dsfzcd.jpg\",\"keywords\":[\"Parceria\",\"SAI Eslov\u00e9nia\",\"SAI Montenegro\"],\"articleSection\":[\"not\u00edcia\"],\"inLanguage\":\"pt-PT\"},{\"@type\":\"WebPage\",\"@id\":\"https:\\\/\\\/u-intosai.org\\\/pt-pt\\\/noticia\\\/reuniao-bilateral-das-sai-da-eslovenia-e-do-montenegro\\\/\",\"url\":\"https:\\\/\\\/u-intosai.org\\\/pt-pt\\\/noticia\\\/reuniao-bilateral-das-sai-da-eslovenia-e-do-montenegro\\\/\",\"name\":\"Reuni\u00e3o bilateral das SAI da Eslov\u00e9nia e do Montenegro | U-INTOSAI\",\"isPartOf\":{\"@id\":\"https:\\\/\\\/u-intosai.org\\\/pt-pt\\\/#website\"},\"primaryImageOfPage\":{\"@id\":\"https:\\\/\\\/u-intosai.org\\\/pt-pt\\\/noticia\\\/reuniao-bilateral-das-sai-da-eslovenia-e-do-montenegro\\\/#primaryimage\"},\"image\":{\"@id\":\"https:\\\/\\\/u-intosai.org\\\/pt-pt\\\/noticia\\\/reuniao-bilateral-das-sai-da-eslovenia-e-do-montenegro\\\/#primaryimage\"},\"thumbnailUrl\":\"https:\\\/\\\/u-intosai.org\\\/wp-content\\\/uploads\\\/2023\\\/12\\\/dsfzcd.jpg\",\"datePublished\":\"2023-10-23T14:34:38+00:00\",\"dateModified\":\"2023-12-27T09:26:22+00:00\",\"description\":\"Reuni\u00e3o bilateral das SAI da Eslov\u00e9nia e do Montenegro\",\"breadcrumb\":{\"@id\":\"https:\\\/\\\/u-intosai.org\\\/pt-pt\\\/noticia\\\/reuniao-bilateral-das-sai-da-eslovenia-e-do-montenegro\\\/#breadcrumb\"},\"inLanguage\":\"pt-PT\",\"potentialAction\":[{\"@type\":\"ReadAction\",\"target\":[\"https:\\\/\\\/u-intosai.org\\\/pt-pt\\\/noticia\\\/reuniao-bilateral-das-sai-da-eslovenia-e-do-montenegro\\\/\"]}]},{\"@type\":\"ImageObject\",\"inLanguage\":\"pt-PT\",\"@id\":\"https:\\\/\\\/u-intosai.org\\\/pt-pt\\\/noticia\\\/reuniao-bilateral-das-sai-da-eslovenia-e-do-montenegro\\\/#primaryimage\",\"url\":\"https:\\\/\\\/u-intosai.org\\\/wp-content\\\/uploads\\\/2023\\\/12\\\/dsfzcd.jpg\",\"contentUrl\":\"https:\\\/\\\/u-intosai.org\\\/wp-content\\\/uploads\\\/2023\\\/12\\\/dsfzcd.jpg\",\"width\":741,\"height\":542},{\"@type\":\"BreadcrumbList\",\"@id\":\"https:\\\/\\\/u-intosai.org\\\/pt-pt\\\/noticia\\\/reuniao-bilateral-das-sai-da-eslovenia-e-do-montenegro\\\/#breadcrumb\",\"itemListElement\":[{\"@type\":\"ListItem\",\"position\":1,\"name\":\"U-INTOSAI\",\"item\":\"https:\\\/\\\/u-intosai.org\\\/pt-pt\\\/\"},{\"@type\":\"ListItem\",\"position\":2,\"name\":\"Reuni\u00e3o bilateral das SAI da Eslov\u00e9nia e do Montenegro\"}]},{\"@type\":\"WebSite\",\"@id\":\"https:\\\/\\\/u-intosai.org\\\/pt-pt\\\/#website\",\"url\":\"https:\\\/\\\/u-intosai.org\\\/pt-pt\\\/\",\"name\":\"U-INTOSAI\",\"description\":\"U-INTOSAI is an open online educational platform for all INTOSAI members created as a unique space for exchanging experience and advanced knowledge.\",\"publisher\":{\"@id\":\"https:\\\/\\\/u-intosai.org\\\/pt-pt\\\/#organization\"},\"potentialAction\":[{\"@type\":\"SearchAction\",\"target\":{\"@type\":\"EntryPoint\",\"urlTemplate\":\"https:\\\/\\\/u-intosai.org\\\/pt-pt\\\/?s={search_term_string}\"},\"query-input\":{\"@type\":\"PropertyValueSpecification\",\"valueRequired\":true,\"valueName\":\"search_term_string\"}}],\"inLanguage\":\"pt-PT\"},{\"@type\":\"Organization\",\"@id\":\"https:\\\/\\\/u-intosai.org\\\/pt-pt\\\/#organization\",\"name\":\"U-INTOSAI \u2014 University of INTOSAI\",\"url\":\"https:\\\/\\\/u-intosai.org\\\/pt-pt\\\/\",\"logo\":{\"@type\":\"ImageObject\",\"inLanguage\":\"pt-PT\",\"@id\":\"https:\\\/\\\/u-intosai.org\\\/pt-pt\\\/#\\\/schema\\\/logo\\\/image\\\/\",\"url\":\"https:\\\/\\\/u-intosai.org\\\/wp-content\\\/uploads\\\/2021\\\/08\\\/miniu-intosai-logo.png\",\"contentUrl\":\"https:\\\/\\\/u-intosai.org\\\/wp-content\\\/uploads\\\/2021\\\/08\\\/miniu-intosai-logo.png\",\"width\":1000,\"height\":479,\"caption\":\"U-INTOSAI \u2014 University of INTOSAI\"},\"image\":{\"@id\":\"https:\\\/\\\/u-intosai.org\\\/pt-pt\\\/#\\\/schema\\\/logo\\\/image\\\/\"},\"sameAs\":[\"https:\\\/\\\/x.com\\\/Incosai2019\",\"https:\\\/\\\/www.youtube.com\\\/channel\\\/UCjD--8sXtgxoPrxRQ_rz5GQ\"]},{\"@type\":\"Person\",\"@id\":\"https:\\\/\\\/u-intosai.org\\\/pt-pt\\\/#\\\/schema\\\/person\\\/5b8e90b43056f89f1f723dff8ecf21c6\",\"name\":\"SAI Russia\",\"image\":{\"@type\":\"ImageObject\",\"inLanguage\":\"pt-PT\",\"@id\":\"https:\\\/\\\/secure.gravatar.com\\\/avatar\\\/843130143c21cda7d6624367554857f4f5b0e6ceed5ceb57003a27cc363521bc?s=96&d=mm&r=g\",\"url\":\"https:\\\/\\\/secure.gravatar.com\\\/avatar\\\/843130143c21cda7d6624367554857f4f5b0e6ceed5ceb57003a27cc363521bc?s=96&d=mm&r=g\",\"contentUrl\":\"https:\\\/\\\/secure.gravatar.com\\\/avatar\\\/843130143c21cda7d6624367554857f4f5b0e6ceed5ceb57003a27cc363521bc?s=96&d=mm&r=g\",\"caption\":\"SAI Russia\"},\"url\":\"https:\\\/\\\/u-intosai.org\\\/pt-pt\\\/author\\\/anniet\\\/\"}]}<\/script>\n<!-- \/ Yoast SEO plugin. -->","yoast_head_json":{"title":"Reuni\u00e3o bilateral das SAI da Eslov\u00e9nia e do Montenegro | U-INTOSAI","description":"Reuni\u00e3o bilateral das SAI da Eslov\u00e9nia e do Montenegro","robots":{"index":"index","follow":"follow","max-snippet":"max-snippet:-1","max-image-preview":"max-image-preview:large","max-video-preview":"max-video-preview:-1"},"canonical":"https:\/\/u-intosai.org\/pt-pt\/noticia\/reuniao-bilateral-das-sai-da-eslovenia-e-do-montenegro\/","og_locale":"pt_PT","og_type":"article","og_title":"Reuni\u00e3o bilateral das SAI da Eslov\u00e9nia e do Montenegro | U-INTOSAI","og_description":"Reuni\u00e3o bilateral das SAI da Eslov\u00e9nia e do Montenegro","og_url":"https:\/\/u-intosai.org\/pt-pt\/noticia\/reuniao-bilateral-das-sai-da-eslovenia-e-do-montenegro\/","og_site_name":"U-INTOSAI","article_published_time":"2023-10-23T14:34:38+00:00","article_modified_time":"2023-12-27T09:26:22+00:00","og_image":[{"width":741,"height":542,"url":"https:\/\/u-intosai.org\/wp-content\/uploads\/2023\/12\/dsfzcd.jpg","type":"image\/jpeg"}],"author":"SAI Russia","twitter_card":"summary_large_image","twitter_creator":"@Incosai2019","twitter_site":"@Incosai2019","twitter_misc":{"Escrito por":"SAI Russia"},"schema":{"@context":"https:\/\/schema.org","@graph":[{"@type":"Article","@id":"https:\/\/u-intosai.org\/pt-pt\/noticia\/reuniao-bilateral-das-sai-da-eslovenia-e-do-montenegro\/#article","isPartOf":{"@id":"https:\/\/u-intosai.org\/pt-pt\/noticia\/reuniao-bilateral-das-sai-da-eslovenia-e-do-montenegro\/"},"author":{"name":"SAI Russia","@id":"https:\/\/u-intosai.org\/pt-pt\/#\/schema\/person\/5b8e90b43056f89f1f723dff8ecf21c6"},"headline":"Reuni\u00e3o bilateral das SAI da Eslov\u00e9nia e do Montenegro","datePublished":"2023-10-23T14:34:38+00:00","dateModified":"2023-12-27T09:26:22+00:00","mainEntityOfPage":{"@id":"https:\/\/u-intosai.org\/pt-pt\/noticia\/reuniao-bilateral-das-sai-da-eslovenia-e-do-montenegro\/"},"wordCount":88,"commentCount":0,"publisher":{"@id":"https:\/\/u-intosai.org\/pt-pt\/#organization"},"image":{"@id":"https:\/\/u-intosai.org\/pt-pt\/noticia\/reuniao-bilateral-das-sai-da-eslovenia-e-do-montenegro\/#primaryimage"},"thumbnailUrl":"https:\/\/u-intosai.org\/wp-content\/uploads\/2023\/12\/dsfzcd.jpg","keywords":["Parceria","SAI Eslov\u00e9nia","SAI Montenegro"],"articleSection":["not\u00edcia"],"inLanguage":"pt-PT"},{"@type":"WebPage","@id":"https:\/\/u-intosai.org\/pt-pt\/noticia\/reuniao-bilateral-das-sai-da-eslovenia-e-do-montenegro\/","url":"https:\/\/u-intosai.org\/pt-pt\/noticia\/reuniao-bilateral-das-sai-da-eslovenia-e-do-montenegro\/","name":"Reuni\u00e3o bilateral das SAI da Eslov\u00e9nia e do Montenegro | U-INTOSAI","isPartOf":{"@id":"https:\/\/u-intosai.org\/pt-pt\/#website"},"primaryImageOfPage":{"@id":"https:\/\/u-intosai.org\/pt-pt\/noticia\/reuniao-bilateral-das-sai-da-eslovenia-e-do-montenegro\/#primaryimage"},"image":{"@id":"https:\/\/u-intosai.org\/pt-pt\/noticia\/reuniao-bilateral-das-sai-da-eslovenia-e-do-montenegro\/#primaryimage"},"thumbnailUrl":"https:\/\/u-intosai.org\/wp-content\/uploads\/2023\/12\/dsfzcd.jpg","datePublished":"2023-10-23T14:34:38+00:00","dateModified":"2023-12-27T09:26:22+00:00","description":"Reuni\u00e3o bilateral das SAI da Eslov\u00e9nia e do Montenegro","breadcrumb":{"@id":"https:\/\/u-intosai.org\/pt-pt\/noticia\/reuniao-bilateral-das-sai-da-eslovenia-e-do-montenegro\/#breadcrumb"},"inLanguage":"pt-PT","potentialAction":[{"@type":"ReadAction","target":["https:\/\/u-intosai.org\/pt-pt\/noticia\/reuniao-bilateral-das-sai-da-eslovenia-e-do-montenegro\/"]}]},{"@type":"ImageObject","inLanguage":"pt-PT","@id":"https:\/\/u-intosai.org\/pt-pt\/noticia\/reuniao-bilateral-das-sai-da-eslovenia-e-do-montenegro\/#primaryimage","url":"https:\/\/u-intosai.org\/wp-content\/uploads\/2023\/12\/dsfzcd.jpg","contentUrl":"https:\/\/u-intosai.org\/wp-content\/uploads\/2023\/12\/dsfzcd.jpg","width":741,"height":542},{"@type":"BreadcrumbList","@id":"https:\/\/u-intosai.org\/pt-pt\/noticia\/reuniao-bilateral-das-sai-da-eslovenia-e-do-montenegro\/#breadcrumb","itemListElement":[{"@type":"ListItem","position":1,"name":"U-INTOSAI","item":"https:\/\/u-intosai.org\/pt-pt\/"},{"@type":"ListItem","position":2,"name":"Reuni\u00e3o bilateral das SAI da Eslov\u00e9nia e do Montenegro"}]},{"@type":"WebSite","@id":"https:\/\/u-intosai.org\/pt-pt\/#website","url":"https:\/\/u-intosai.org\/pt-pt\/","name":"U-INTOSAI","description":"U-INTOSAI is an open online educational platform for all INTOSAI members created as a unique space for exchanging experience and advanced knowledge.","publisher":{"@id":"https:\/\/u-intosai.org\/pt-pt\/#organization"},"potentialAction":[{"@type":"SearchAction","target":{"@type":"EntryPoint","urlTemplate":"https:\/\/u-intosai.org\/pt-pt\/?s={search_term_string}"},"query-input":{"@type":"PropertyValueSpecification","valueRequired":true,"valueName":"search_term_string"}}],"inLanguage":"pt-PT"},{"@type":"Organization","@id":"https:\/\/u-intosai.org\/pt-pt\/#organization","name":"U-INTOSAI \u2014 University of INTOSAI","url":"https:\/\/u-intosai.org\/pt-pt\/","logo":{"@type":"ImageObject","inLanguage":"pt-PT","@id":"https:\/\/u-intosai.org\/pt-pt\/#\/schema\/logo\/image\/","url":"https:\/\/u-intosai.org\/wp-content\/uploads\/2021\/08\/miniu-intosai-logo.png","contentUrl":"https:\/\/u-intosai.org\/wp-content\/uploads\/2021\/08\/miniu-intosai-logo.png","width":1000,"height":479,"caption":"U-INTOSAI \u2014 University of INTOSAI"},"image":{"@id":"https:\/\/u-intosai.org\/pt-pt\/#\/schema\/logo\/image\/"},"sameAs":["https:\/\/x.com\/Incosai2019","https:\/\/www.youtube.com\/channel\/UCjD--8sXtgxoPrxRQ_rz5GQ"]},{"@type":"Person","@id":"https:\/\/u-intosai.org\/pt-pt\/#\/schema\/person\/5b8e90b43056f89f1f723dff8ecf21c6","name":"SAI Russia","image":{"@type":"ImageObject","inLanguage":"pt-PT","@id":"https:\/\/secure.gravatar.com\/avatar\/843130143c21cda7d6624367554857f4f5b0e6ceed5ceb57003a27cc363521bc?s=96&d=mm&r=g","url":"https:\/\/secure.gravatar.com\/avatar\/843130143c21cda7d6624367554857f4f5b0e6ceed5ceb57003a27cc363521bc?s=96&d=mm&r=g","contentUrl":"https:\/\/secure.gravatar.com\/avatar\/843130143c21cda7d6624367554857f4f5b0e6ceed5ceb57003a27cc363521bc?s=96&d=mm&r=g","caption":"SAI Russia"},"url":"https:\/\/u-intosai.org\/pt-pt\/author\/anniet\/"}]}},"_links":{"self":[{"href":"https:\/\/u-intosai.org\/pt-pt\/wp-json\/wp\/v2\/posts\/41557","targetHints":{"allow":["GET"]}}],"collection":[{"href":"https:\/\/u-intosai.org\/pt-pt\/wp-json\/wp\/v2\/posts"}],"about":[{"href":"https:\/\/u-intosai.org\/pt-pt\/wp-json\/wp\/v2\/types\/post"}],"author":[{"embeddable":true,"href":"https:\/\/u-intosai.org\/pt-pt\/wp-json\/wp\/v2\/users\/206"}],"replies":[{"embeddable":true,"href":"https:\/\/u-intosai.org\/pt-pt\/wp-json\/wp\/v2\/comments?post=41557"}],"version-history":[{"count":2,"href":"https:\/\/u-intosai.org\/pt-pt\/wp-json\/wp\/v2\/posts\/41557\/revisions"}],"predecessor-version":[{"id":41565,"href":"https:\/\/u-intosai.org\/pt-pt\/wp-json\/wp\/v2\/posts\/41557\/revisions\/41565"}],"wp:featuredmedia":[{"embeddable":true,"href":"https:\/\/u-intosai.org\/pt-pt\/wp-json\/wp\/v2\/media\/37697"}],"wp:attachment":[{"href":"https:\/\/u-intosai.org\/pt-pt\/wp-json\/wp\/v2\/media?parent=41557"}],"wp:term":[{"taxonomy":"category","embeddable":true,"href":"https:\/\/u-intosai.org\/pt-pt\/wp-json\/wp\/v2\/categories?post=41557"},{"taxonomy":"post_tag","embeddable":true,"href":"https:\/\/u-intosai.org\/pt-pt\/wp-json\/wp\/v2\/tags?post=41557"}],"curies":[{"name":"wp","href":"https:\/\/api.w.org\/{rel}","templated":true}]}}